{"id":4154,"date":"2025-09-23T14:02:47","date_gmt":"2025-09-23T14:02:47","guid":{"rendered":"https:\/\/abayanalistas.net\/es\/?p=4154"},"modified":"2025-09-23T14:02:47","modified_gmt":"2025-09-23T14:02:47","slug":"el-sector-de-cuidados-en-la-economia-social-asturiana-retos-y-oportunidades","status":"publish","type":"post","link":"https:\/\/abayanalistas.net\/es\/el-sector-de-cuidados-en-la-economia-social-asturiana-retos-y-oportunidades\/","title":{"rendered":"El sector de cuidados en la econom\u00eda social asturiana: Retos y oportunidades"},"content":{"rendered":"<div class=\"fusion-fullwidth fullwidth-box fusion-builder-row-1 nonhundred-percent-fullwidth non-hundred-percent-height-scrolling\" style=\"background-color: rgba(255,255,255,0);background-position: left top;background-repeat: no-repeat;padding-top:20px;padding-right:0px;padding-bottom:20px;padding-left:0px;margin-bottom: 0px;margin-top: 0px;border-width: 0px 0px 0px 0px;border-color:#eae9e9;border-style:solid;\" ><div class=\"fusion-builder-row fusion-row\"><div class=\"fusion-layout-column fusion_builder_column fusion-builder-column-0 fusion_builder_column_1_1 1_1 fusion-one-full fusion-column-first fusion-column-last fusion-column-no-min-height\" style=\"margin-top:0px;margin-bottom:0px;\"><div class=\"fusion-column-wrapper fusion-flex-column-wrapper-legacy\" style=\"background-position:left top;background-repeat:no-repeat;-webkit-background-size:cover;-moz-background-size:cover;-o-background-size:cover;background-size:cover;padding: 0px 0px 0px 0px;\"><div class=\"fusion-text fusion-text-1\"><div class=\"row\">\n<div class=\"item-view-metadata item-view-metadata-content col-xs-7 col-sm-8 col-lg-9\">\n<div class=\"abstract-content\" style=\"text-align: left;\">\n<p>Cap\u00edtulo 8 perteneciente a la publicaci\u00f3n Longevidad, justicia social y pol\u00edticas p\u00fablicas: Miradas interseccionales desde los territorios<\/p>\n<p>Autor\u00eda: Rosa Santero S\u00e1nchez, Maribel Mart\u00ednez Mart\u00edn, Pablo Soria Lavara<\/p>\n<p>La organizaci\u00f3n social de los cuidados aparece como una cuesti\u00f3n crucial a nivel internacional (OCDE, 2020), al coincidir en el tiempo un aumento de la demanda de servicios, debido al envejecimiento dela poblaci\u00f3n y a una mayor longevidad, con una disminuci\u00f3n de las prestaciones sociales (Rodr\u00edguez Cabrero, 2011). Esto ha supuesto que el volumen y nivel de dependencia de cuidados de larga duraci\u00f3n supere la capacidad del estado del bienestar de pa\u00edses que, hasta hace pocas d\u00e9cadas, pod\u00edan atender estas necesidades, generando una crisis de los cuidados. En este marco, el objetivo de esta investigaci\u00f3n es profundizar, analizar y detallar cu\u00e1l es la posici\u00f3n que ocupan, en la actualidad, las empresas y entidades dela Econom\u00eda Social que prestan servicios vinculados a la econom\u00eda de los cuidados en el Principado de Asturias, un sector en crecimiento con oportunidades de empleo y de emprendimiento. La aproximaci\u00f3n metodol\u00f3gica es mixta: cuantitativa, centrada en la medici\u00f3n del peso del sector, a partir del n\u00famero de empresas y empleo; y cualitativa, para obtener una valoraci\u00f3n de la situaci\u00f3n del sector, a trav\u00e9s de entrevistas en profundidad y grupos de discusi\u00f3n, con representantes de la oferta y demanda de cuidados y personas expertas en servicios sociales e innovaci\u00f3n social. Los principales resultados muestran que el sector ha experimentado un crecimiento, tanto en empresas como empleo, donde la econom\u00eda social tiene un peso reducido en el conjunto, pero una importante representaci\u00f3n por zonas geogr\u00e1ficas. La valoraci\u00f3n de sus representantes pone de manifiesto que las condiciones de la contrataci\u00f3n p\u00fablica favorecen la adjudicaci\u00f3n de servicios a grandes empresas, y que la Econom\u00eda Social queda relegada al \u00e1mbito rural. Se identifican obst\u00e1culos espec\u00edficos en el desarrollo de su trabajo que lastran la rentabilidad econ\u00f3mica y afectan a las condiciones de trabajo, especialmente de las trabajadoras socias, que suplen las carencias se\u00f1aladas a trav\u00e9s de su tiempo y su esfuerzo personal. Sin embargo, queda patente tambi\u00e9n que la Econom\u00eda Social es decisiva en el nuevo modelo comunitario de cuidados, y que \u00e9ste puede ser una v\u00eda para el emprendimiento y el empleo femenino a nivel local.<\/p>\n<\/div>\n<\/div>\n<\/div>\n<\/div><div class=\"fusion-button-wrapper\"><style type=\"text\/css\">.fusion-button.button-1 {border-radius:0px;}<\/style><a class=\"fusion-button button-flat fusion-button-default-size button-default button-1 fusion-button-default-span fusion-button-default-type\" target=\"_blank\" rel=\"noopener noreferrer\" href=\"https:\/\/dialnet.unirioja.es\/servlet\/articulo?codigo=10381875\"><span class=\"fusion-button-text\">VER PUBLICACI\u00d3N<\/span><\/a><\/div><div class=\"fusion-clearfix\"><\/div><\/div><\/div><\/div><\/div>\n","protected":false},"excerpt":{"rendered":"","protected":false},"author":1,"featured_media":4155,"comment_status":"closed","ping_status":"closed","sticky":false,"template":"","format":"standard","meta":{"footnotes":""},"categories":[51,50],"tags":[],"yoast_head":"<!-- This site is optimized with the Yoast SEO plugin v24.5 - https:\/\/yoast.com\/wordpress\/plugins\/seo\/ -->\n<title>El medio Co-operative News cita nuestro trabajo \u00a1Descubre m\u00e1s!<\/title>\n<meta name=\"description\" content=\"Descubre todo lo que cita Co-operative News en nuestro trabajo el impacto socioecon\u00f3mico de valores y principios de la Econom\u00eda Social.\" \/>\n<meta name=\"robots\" content=\"index, follow, max-snippet:-1, max-image-preview:large, max-video-preview:-1\" \/>\n<link rel=\"canonical\" href=\"https:\/\/abayanalistas.net\/es\/el-sector-de-cuidados-en-la-economia-social-asturiana-retos-y-oportunidades\/\" \/>\n<meta property=\"og:locale\" content=\"es_ES\" \/>\n<meta property=\"og:type\" content=\"article\" \/>\n<meta property=\"og:title\" content=\"El medio Co-operative News cita nuestro trabajo \u00a1Descubre m\u00e1s!\" \/>\n<meta property=\"og:description\" content=\"Descubre todo lo que cita Co-operative News en nuestro trabajo el impacto socioecon\u00f3mico de valores y principios de la Econom\u00eda Social.\" \/>\n<meta property=\"og:url\" content=\"https:\/\/abayanalistas.net\/es\/el-sector-de-cuidados-en-la-economia-social-asturiana-retos-y-oportunidades\/\" \/>\n<meta property=\"og:site_name\" content=\"Abay Analistas\" \/>\n<meta property=\"article:published_time\" content=\"2025-09-23T14:02:47+00:00\" \/>\n<meta property=\"og:image\" content=\"https:\/\/abayanalistas.net\/es\/wp-content\/uploads\/123-3.png\" \/>\n\t<meta property=\"og:image:width\" content=\"547\" \/>\n\t<meta property=\"og:image:height\" content=\"607\" \/>\n\t<meta property=\"og:image:type\" content=\"image\/png\" \/>\n<meta name=\"author\" content=\"Abay\" \/>\n<meta name=\"twitter:card\" content=\"summary_large_image\" \/>\n<meta name=\"twitter:creator\" content=\"@abayanalistas\" \/>\n<meta name=\"twitter:site\" content=\"@abayanalistas\" \/>\n<meta name=\"twitter:label1\" content=\"Escrito por\" \/>\n\t<meta name=\"twitter:data1\" content=\"Abay\" \/>\n\t<meta name=\"twitter:label2\" content=\"Tiempo de lectura\" \/>\n\t<meta name=\"twitter:data2\" content=\"2 minutos\" \/>\n<script type=\"application\/ld+json\" class=\"yoast-schema-graph\">{\"@context\":\"https:\/\/schema.org\",\"@graph\":[{\"@type\":\"Article\",\"@id\":\"https:\/\/abayanalistas.net\/es\/el-sector-de-cuidados-en-la-economia-social-asturiana-retos-y-oportunidades\/#article\",\"isPartOf\":{\"@id\":\"https:\/\/abayanalistas.net\/es\/el-sector-de-cuidados-en-la-economia-social-asturiana-retos-y-oportunidades\/\"},\"author\":{\"name\":\"Abay\",\"@id\":\"https:\/\/abayanalistas.net\/es\/#\/schema\/person\/e606ae20a7be8e0a0b8a7c999a938b84\"},\"headline\":\"El sector de cuidados en la econom\u00eda social asturiana: Retos y oportunidades\",\"datePublished\":\"2025-09-23T14:02:47+00:00\",\"mainEntityOfPage\":{\"@id\":\"https:\/\/abayanalistas.net\/es\/el-sector-de-cuidados-en-la-economia-social-asturiana-retos-y-oportunidades\/\"},\"wordCount\":765,\"publisher\":{\"@id\":\"https:\/\/abayanalistas.net\/es\/#organization\"},\"image\":{\"@id\":\"https:\/\/abayanalistas.net\/es\/el-sector-de-cuidados-en-la-economia-social-asturiana-retos-y-oportunidades\/#primaryimage\"},\"thumbnailUrl\":\"https:\/\/abayanalistas.net\/es\/wp-content\/uploads\/123-3.png\",\"articleSection\":[\"Art\u00edculos en revistas\",\"Noticia\"],\"inLanguage\":\"es\"},{\"@type\":\"WebPage\",\"@id\":\"https:\/\/abayanalistas.net\/es\/el-sector-de-cuidados-en-la-economia-social-asturiana-retos-y-oportunidades\/\",\"url\":\"https:\/\/abayanalistas.net\/es\/el-sector-de-cuidados-en-la-economia-social-asturiana-retos-y-oportunidades\/\",\"name\":\"El medio Co-operative News cita nuestro trabajo \u00a1Descubre m\u00e1s!\",\"isPartOf\":{\"@id\":\"https:\/\/abayanalistas.net\/es\/#website\"},\"primaryImageOfPage\":{\"@id\":\"https:\/\/abayanalistas.net\/es\/el-sector-de-cuidados-en-la-economia-social-asturiana-retos-y-oportunidades\/#primaryimage\"},\"image\":{\"@id\":\"https:\/\/abayanalistas.net\/es\/el-sector-de-cuidados-en-la-economia-social-asturiana-retos-y-oportunidades\/#primaryimage\"},\"thumbnailUrl\":\"https:\/\/abayanalistas.net\/es\/wp-content\/uploads\/123-3.png\",\"datePublished\":\"2025-09-23T14:02:47+00:00\",\"description\":\"Descubre todo lo que cita Co-operative News en nuestro trabajo el impacto socioecon\u00f3mico de valores y principios de la Econom\u00eda Social.\",\"breadcrumb\":{\"@id\":\"https:\/\/abayanalistas.net\/es\/el-sector-de-cuidados-en-la-economia-social-asturiana-retos-y-oportunidades\/#breadcrumb\"},\"inLanguage\":\"es\",\"potentialAction\":[{\"@type\":\"ReadAction\",\"target\":[\"https:\/\/abayanalistas.net\/es\/el-sector-de-cuidados-en-la-economia-social-asturiana-retos-y-oportunidades\/\"]}]},{\"@type\":\"ImageObject\",\"inLanguage\":\"es\",\"@id\":\"https:\/\/abayanalistas.net\/es\/el-sector-de-cuidados-en-la-economia-social-asturiana-retos-y-oportunidades\/#primaryimage\",\"url\":\"https:\/\/abayanalistas.net\/es\/wp-content\/uploads\/123-3.png\",\"contentUrl\":\"https:\/\/abayanalistas.net\/es\/wp-content\/uploads\/123-3.png\",\"width\":547,\"height\":607,\"caption\":\"123\"},{\"@type\":\"BreadcrumbList\",\"@id\":\"https:\/\/abayanalistas.net\/es\/el-sector-de-cuidados-en-la-economia-social-asturiana-retos-y-oportunidades\/#breadcrumb\",\"itemListElement\":[{\"@type\":\"ListItem\",\"position\":1,\"name\":\"Portada\",\"item\":\"https:\/\/abayanalistas.net\/es\/\"},{\"@type\":\"ListItem\",\"position\":2,\"name\":\"El sector de cuidados en la econom\u00eda social asturiana: Retos y oportunidades\"}]},{\"@type\":\"WebSite\",\"@id\":\"https:\/\/abayanalistas.net\/es\/#website\",\"url\":\"https:\/\/abayanalistas.net\/es\/\",\"name\":\"Abay Analistas\",\"description\":\"Analistas econ\u00f3micos y sociales\",\"publisher\":{\"@id\":\"https:\/\/abayanalistas.net\/es\/#organization\"},\"potentialAction\":[{\"@type\":\"SearchAction\",\"target\":{\"@type\":\"EntryPoint\",\"urlTemplate\":\"https:\/\/abayanalistas.net\/es\/?s={search_term_string}\"},\"query-input\":{\"@type\":\"PropertyValueSpecification\",\"valueRequired\":true,\"valueName\":\"search_term_string\"}}],\"inLanguage\":\"es\"},{\"@type\":\"Organization\",\"@id\":\"https:\/\/abayanalistas.net\/es\/#organization\",\"name\":\"Abay Analistas\",\"url\":\"https:\/\/abayanalistas.net\/es\/\",\"logo\":{\"@type\":\"ImageObject\",\"inLanguage\":\"es\",\"@id\":\"https:\/\/abayanalistas.net\/es\/#\/schema\/logo\/image\/\",\"url\":\"https:\/\/i0.wp.com\/abayanalistas.net\/es\/wp-content\/uploads\/Logo_Abay_Retina.png?fit=280%2C96&ssl=1\",\"contentUrl\":\"https:\/\/i0.wp.com\/abayanalistas.net\/es\/wp-content\/uploads\/Logo_Abay_Retina.png?fit=280%2C96&ssl=1\",\"width\":280,\"height\":96,\"caption\":\"Abay Analistas\"},\"image\":{\"@id\":\"https:\/\/abayanalistas.net\/es\/#\/schema\/logo\/image\/\"},\"sameAs\":[\"https:\/\/x.com\/abayanalistas\",\"https:\/\/www.linkedin.com\/company\/abay-analistas?trk=biz-companies-cym\"]},{\"@type\":\"Person\",\"@id\":\"https:\/\/abayanalistas.net\/es\/#\/schema\/person\/e606ae20a7be8e0a0b8a7c999a938b84\",\"name\":\"Abay\"}]}<\/script>\n<!-- \/ Yoast SEO plugin. -->","yoast_head_json":{"title":"El medio Co-operative News cita nuestro trabajo \u00a1Descubre m\u00e1s!","description":"Descubre todo lo que cita Co-operative News en nuestro trabajo el impacto socioecon\u00f3mico de valores y principios de la Econom\u00eda Social.","robots":{"index":"index","follow":"follow","max-snippet":"max-snippet:-1","max-image-preview":"max-image-preview:large","max-video-preview":"max-video-preview:-1"},"canonical":"https:\/\/abayanalistas.net\/es\/el-sector-de-cuidados-en-la-economia-social-asturiana-retos-y-oportunidades\/","og_locale":"es_ES","og_type":"article","og_title":"El medio Co-operative News cita nuestro trabajo \u00a1Descubre m\u00e1s!","og_description":"Descubre todo lo que cita Co-operative News en nuestro trabajo el impacto socioecon\u00f3mico de valores y principios de la Econom\u00eda Social.","og_url":"https:\/\/abayanalistas.net\/es\/el-sector-de-cuidados-en-la-economia-social-asturiana-retos-y-oportunidades\/","og_site_name":"Abay Analistas","article_published_time":"2025-09-23T14:02:47+00:00","og_image":[{"width":547,"height":607,"url":"https:\/\/abayanalistas.net\/es\/wp-content\/uploads\/123-3.png","type":"image\/png"}],"author":"Abay","twitter_card":"summary_large_image","twitter_creator":"@abayanalistas","twitter_site":"@abayanalistas","twitter_misc":{"Escrito por":"Abay","Tiempo de lectura":"2 minutos"},"schema":{"@context":"https:\/\/schema.org","@graph":[{"@type":"Article","@id":"https:\/\/abayanalistas.net\/es\/el-sector-de-cuidados-en-la-economia-social-asturiana-retos-y-oportunidades\/#article","isPartOf":{"@id":"https:\/\/abayanalistas.net\/es\/el-sector-de-cuidados-en-la-economia-social-asturiana-retos-y-oportunidades\/"},"author":{"name":"Abay","@id":"https:\/\/abayanalistas.net\/es\/#\/schema\/person\/e606ae20a7be8e0a0b8a7c999a938b84"},"headline":"El sector de cuidados en la econom\u00eda social asturiana: Retos y oportunidades","datePublished":"2025-09-23T14:02:47+00:00","mainEntityOfPage":{"@id":"https:\/\/abayanalistas.net\/es\/el-sector-de-cuidados-en-la-economia-social-asturiana-retos-y-oportunidades\/"},"wordCount":765,"publisher":{"@id":"https:\/\/abayanalistas.net\/es\/#organization"},"image":{"@id":"https:\/\/abayanalistas.net\/es\/el-sector-de-cuidados-en-la-economia-social-asturiana-retos-y-oportunidades\/#primaryimage"},"thumbnailUrl":"https:\/\/abayanalistas.net\/es\/wp-content\/uploads\/123-3.png","articleSection":["Art\u00edculos en revistas","Noticia"],"inLanguage":"es"},{"@type":"WebPage","@id":"https:\/\/abayanalistas.net\/es\/el-sector-de-cuidados-en-la-economia-social-asturiana-retos-y-oportunidades\/","url":"https:\/\/abayanalistas.net\/es\/el-sector-de-cuidados-en-la-economia-social-asturiana-retos-y-oportunidades\/","name":"El medio Co-operative News cita nuestro trabajo \u00a1Descubre m\u00e1s!","isPartOf":{"@id":"https:\/\/abayanalistas.net\/es\/#website"},"primaryImageOfPage":{"@id":"https:\/\/abayanalistas.net\/es\/el-sector-de-cuidados-en-la-economia-social-asturiana-retos-y-oportunidades\/#primaryimage"},"image":{"@id":"https:\/\/abayanalistas.net\/es\/el-sector-de-cuidados-en-la-economia-social-asturiana-retos-y-oportunidades\/#primaryimage"},"thumbnailUrl":"https:\/\/abayanalistas.net\/es\/wp-content\/uploads\/123-3.png","datePublished":"2025-09-23T14:02:47+00:00","description":"Descubre todo lo que cita Co-operative News en nuestro trabajo el impacto socioecon\u00f3mico de valores y principios de la Econom\u00eda Social.","breadcrumb":{"@id":"https:\/\/abayanalistas.net\/es\/el-sector-de-cuidados-en-la-economia-social-asturiana-retos-y-oportunidades\/#breadcrumb"},"inLanguage":"es","potentialAction":[{"@type":"ReadAction","target":["https:\/\/abayanalistas.net\/es\/el-sector-de-cuidados-en-la-economia-social-asturiana-retos-y-oportunidades\/"]}]},{"@type":"ImageObject","inLanguage":"es","@id":"https:\/\/abayanalistas.net\/es\/el-sector-de-cuidados-en-la-economia-social-asturiana-retos-y-oportunidades\/#primaryimage","url":"https:\/\/abayanalistas.net\/es\/wp-content\/uploads\/123-3.png","contentUrl":"https:\/\/abayanalistas.net\/es\/wp-content\/uploads\/123-3.png","width":547,"height":607,"caption":"123"},{"@type":"BreadcrumbList","@id":"https:\/\/abayanalistas.net\/es\/el-sector-de-cuidados-en-la-economia-social-asturiana-retos-y-oportunidades\/#breadcrumb","itemListElement":[{"@type":"ListItem","position":1,"name":"Portada","item":"https:\/\/abayanalistas.net\/es\/"},{"@type":"ListItem","position":2,"name":"El sector de cuidados en la econom\u00eda social asturiana: Retos y oportunidades"}]},{"@type":"WebSite","@id":"https:\/\/abayanalistas.net\/es\/#website","url":"https:\/\/abayanalistas.net\/es\/","name":"Abay Analistas","description":"Analistas econ\u00f3micos y sociales","publisher":{"@id":"https:\/\/abayanalistas.net\/es\/#organization"},"potentialAction":[{"@type":"SearchAction","target":{"@type":"EntryPoint","urlTemplate":"https:\/\/abayanalistas.net\/es\/?s={search_term_string}"},"query-input":{"@type":"PropertyValueSpecification","valueRequired":true,"valueName":"search_term_string"}}],"inLanguage":"es"},{"@type":"Organization","@id":"https:\/\/abayanalistas.net\/es\/#organization","name":"Abay Analistas","url":"https:\/\/abayanalistas.net\/es\/","logo":{"@type":"ImageObject","inLanguage":"es","@id":"https:\/\/abayanalistas.net\/es\/#\/schema\/logo\/image\/","url":"https:\/\/i0.wp.com\/abayanalistas.net\/es\/wp-content\/uploads\/Logo_Abay_Retina.png?fit=280%2C96&ssl=1","contentUrl":"https:\/\/i0.wp.com\/abayanalistas.net\/es\/wp-content\/uploads\/Logo_Abay_Retina.png?fit=280%2C96&ssl=1","width":280,"height":96,"caption":"Abay Analistas"},"image":{"@id":"https:\/\/abayanalistas.net\/es\/#\/schema\/logo\/image\/"},"sameAs":["https:\/\/x.com\/abayanalistas","https:\/\/www.linkedin.com\/company\/abay-analistas?trk=biz-companies-cym"]},{"@type":"Person","@id":"https:\/\/abayanalistas.net\/es\/#\/schema\/person\/e606ae20a7be8e0a0b8a7c999a938b84","name":"Abay"}]}},"_links":{"self":[{"href":"https:\/\/abayanalistas.net\/es\/wp-json\/wp\/v2\/posts\/4154"}],"collection":[{"href":"https:\/\/abayanalistas.net\/es\/wp-json\/wp\/v2\/posts"}],"about":[{"href":"https:\/\/abayanalistas.net\/es\/wp-json\/wp\/v2\/types\/post"}],"author":[{"embeddable":true,"href":"https:\/\/abayanalistas.net\/es\/wp-json\/wp\/v2\/users\/1"}],"replies":[{"embeddable":true,"href":"https:\/\/abayanalistas.net\/es\/wp-json\/wp\/v2\/comments?post=4154"}],"version-history":[{"count":1,"href":"https:\/\/abayanalistas.net\/es\/wp-json\/wp\/v2\/posts\/4154\/revisions"}],"predecessor-version":[{"id":4156,"href":"https:\/\/abayanalistas.net\/es\/wp-json\/wp\/v2\/posts\/4154\/revisions\/4156"}],"wp:featuredmedia":[{"embeddable":true,"href":"https:\/\/abayanalistas.net\/es\/wp-json\/wp\/v2\/media\/4155"}],"wp:attachment":[{"href":"https:\/\/abayanalistas.net\/es\/wp-json\/wp\/v2\/media?parent=4154"}],"wp:term":[{"taxonomy":"category","embeddable":true,"href":"https:\/\/abayanalistas.net\/es\/wp-json\/wp\/v2\/categories?post=4154"},{"taxonomy":"post_tag","embeddable":true,"href":"https:\/\/abayanalistas.net\/es\/wp-json\/wp\/v2\/tags?post=4154"}],"curies":[{"name":"wp","href":"https:\/\/api.w.org\/{rel}","templated":true}]}}