{"id":4123,"date":"2025-05-13T10:54:21","date_gmt":"2025-05-13T10:54:21","guid":{"rendered":"https:\/\/abayanalistas.net\/es\/?p=4123"},"modified":"2025-05-13T10:54:51","modified_gmt":"2025-05-13T10:54:51","slug":"presentacion-del-vi-informe-sobre-la-financiacion-de-pymes-y-autonomos-de-andalucia-2024","status":"publish","type":"post","link":"https:\/\/abayanalistas.net\/es\/presentacion-del-vi-informe-sobre-la-financiacion-de-pymes-y-autonomos-de-andalucia-2024\/","title":{"rendered":"Presentaci\u00f3n del VI Informe sobre la financiaci\u00f3n de pymes y aut\u00f3nomos de Andaluc\u00eda 2024"},"content":{"rendered":"<div class=\"fusion-fullwidth fullwidth-box fusion-builder-row-1 nonhundred-percent-fullwidth non-hundred-percent-height-scrolling\" style=\"background-color: rgba(255,255,255,0);background-position: left top;background-repeat: no-repeat;padding-top:20px;padding-right:0px;padding-bottom:20px;padding-left:0px;margin-bottom: 0px;margin-top: 0px;border-width: 0px 0px 0px 0px;border-color:#eae9e9;border-style:solid;\" ><div class=\"fusion-builder-row fusion-row\"><div class=\"fusion-layout-column fusion_builder_column fusion-builder-column-0 fusion_builder_column_1_1 1_1 fusion-one-full fusion-column-first fusion-column-last fusion-column-no-min-height\" style=\"margin-top:0px;margin-bottom:0px;\"><div class=\"fusion-column-wrapper fusion-flex-column-wrapper-legacy\" style=\"background-position:left top;background-repeat:no-repeat;-webkit-background-size:cover;-moz-background-size:cover;-o-background-size:cover;background-size:cover;padding: 0px 0px 0px 0px;\"><div class=\"fusion-text fusion-text-1\"><p>Las pymes andaluzas cerraron 2024 con una evoluci\u00f3n positiva de su situaci\u00f3n econ\u00f3mica y financiera, consolidando un proceso de recuperaci\u00f3n que las alejas del estr\u00e9s financiero vivido durante la pandemia y los a\u00f1os inmediatamente posteriores.<\/p>\n<p>As\u00ed lo refleja el nuevo Informe sobre la financiaci\u00f3n de pymes y aut\u00f3nomos de Andaluc\u00eda 2024, elaborado por Gar\u00e1ntia, sociedad de avales de la regi\u00f3n, en colaboraci\u00f3n con Abay Analistas Econ\u00f3micos, que recoge en su sexta edici\u00f3n los resultados de una encuesta realizada en febrero de 2025 a 713 peque\u00f1as y medianas empresas, as\u00ed como de aut\u00f3nomos de toda la comunidad aut\u00f3noma.<\/p>\n<p>En la presentaci\u00f3n del Informe intervinieron el presidente de Gar\u00e1ntia, Javier Gonz\u00e1lez de Lara, el Director General de la SGR, Antonio Vega, y Maribel Mart\u00ednez, Directora de Abay Analistas Econ\u00f3micos.<\/p>\n<p>Seg\u00fan el informe, el censo de empresas en Andaluc\u00eda es actualmente de 528.600 pymes no agrarias, seg\u00fan el Directorio Central de Empresas (INE). El crecimiento interanual del n\u00famero de pymes fue del 1,6%, con especial dinamismo en los sectores de servicios a empresas, educaci\u00f3n, sanidad y construcci\u00f3n. En cambio, decreci\u00f3 el n\u00famero de empresas en comercio, servicios personales e industria.<\/p>\n<p>El 53% de estas pymes son personas f\u00edsicas o jur\u00eddicas sin asalariados, y un 42,8% m\u00e1s son microempresas con menos de 10 empleados. Solo un 4,2% supera ese umbral, lo que evidencia la elevada atomizaci\u00f3n del tejido empresarial andaluz.<\/p>\n<p>Fecha: 13\/05\/2025<\/p>\n<\/div><div class=\"fusion-button-wrapper\"><style type=\"text\/css\">.fusion-button.button-1 {border-radius:0px;}<\/style><a class=\"fusion-button button-flat fusion-button-default-size button-default button-1 fusion-button-default-span fusion-button-default-type\" target=\"_self\" href=\"https:\/\/www.sgrgarantia.es\/blog\/garantia-presenta-vi-informe-sobre-la-financiacion-de-pymes-y-autonomos-de-andalucia\"><span class=\"fusion-button-text\">VER NOTICIA<\/span><\/a><\/div><div class=\"fusion-clearfix\"><\/div><\/div><\/div><\/div><\/div>\n","protected":false},"excerpt":{"rendered":"","protected":false},"author":1,"featured_media":4124,"comment_status":"closed","ping_status":"closed","sticky":false,"template":"","format":"standard","meta":{"footnotes":""},"categories":[50,46],"tags":[],"yoast_head":"<!-- This site is optimized with the Yoast SEO plugin v24.5 - https:\/\/yoast.com\/wordpress\/plugins\/seo\/ -->\n<title>Presentaci\u00f3n del VI Informe sobre la financiaci\u00f3n de pymes y aut\u00f3nomos de Andaluc\u00eda 2024 - Abay Analistas<\/title>\n<meta name=\"robots\" content=\"index, follow, max-snippet:-1, max-image-preview:large, max-video-preview:-1\" \/>\n<link rel=\"canonical\" href=\"https:\/\/abayanalistas.net\/es\/presentacion-del-vi-informe-sobre-la-financiacion-de-pymes-y-autonomos-de-andalucia-2024\/\" \/>\n<meta property=\"og:locale\" content=\"es_ES\" \/>\n<meta property=\"og:type\" content=\"article\" \/>\n<meta property=\"og:title\" content=\"Presentaci\u00f3n del VI Informe sobre la financiaci\u00f3n de pymes y aut\u00f3nomos de Andaluc\u00eda 2024 - Abay Analistas\" \/>\n<meta property=\"og:url\" content=\"https:\/\/abayanalistas.net\/es\/presentacion-del-vi-informe-sobre-la-financiacion-de-pymes-y-autonomos-de-andalucia-2024\/\" \/>\n<meta property=\"og:site_name\" content=\"Abay Analistas\" \/>\n<meta property=\"article:published_time\" content=\"2025-05-13T10:54:21+00:00\" \/>\n<meta property=\"article:modified_time\" content=\"2025-05-13T10:54:51+00:00\" \/>\n<meta property=\"og:image\" content=\"https:\/\/abayanalistas.net\/es\/wp-content\/uploads\/image020250513120636-1620x1080.jpeg\" \/>\n\t<meta property=\"og:image:width\" content=\"1620\" \/>\n\t<meta property=\"og:image:height\" content=\"1080\" \/>\n\t<meta property=\"og:image:type\" content=\"image\/jpeg\" \/>\n<meta name=\"author\" content=\"Abay\" \/>\n<meta name=\"twitter:card\" content=\"summary_large_image\" \/>\n<meta name=\"twitter:creator\" content=\"@abayanalistas\" \/>\n<meta name=\"twitter:site\" content=\"@abayanalistas\" \/>\n<meta name=\"twitter:label1\" content=\"Escrito por\" \/>\n\t<meta name=\"twitter:data1\" content=\"Abay\" \/>\n\t<meta name=\"twitter:label2\" content=\"Tiempo de lectura\" \/>\n\t<meta name=\"twitter:data2\" content=\"2 minutos\" \/>\n<script type=\"application\/ld+json\" class=\"yoast-schema-graph\">{\"@context\":\"https:\/\/schema.org\",\"@graph\":[{\"@type\":\"Article\",\"@id\":\"https:\/\/abayanalistas.net\/es\/presentacion-del-vi-informe-sobre-la-financiacion-de-pymes-y-autonomos-de-andalucia-2024\/#article\",\"isPartOf\":{\"@id\":\"https:\/\/abayanalistas.net\/es\/presentacion-del-vi-informe-sobre-la-financiacion-de-pymes-y-autonomos-de-andalucia-2024\/\"},\"author\":{\"name\":\"Abay\",\"@id\":\"https:\/\/abayanalistas.net\/es\/#\/schema\/person\/e606ae20a7be8e0a0b8a7c999a938b84\"},\"headline\":\"Presentaci\u00f3n del VI Informe sobre la financiaci\u00f3n de pymes y aut\u00f3nomos de Andaluc\u00eda 2024\",\"datePublished\":\"2025-05-13T10:54:21+00:00\",\"dateModified\":\"2025-05-13T10:54:51+00:00\",\"mainEntityOfPage\":{\"@id\":\"https:\/\/abayanalistas.net\/es\/presentacion-del-vi-informe-sobre-la-financiacion-de-pymes-y-autonomos-de-andalucia-2024\/\"},\"wordCount\":597,\"publisher\":{\"@id\":\"https:\/\/abayanalistas.net\/es\/#organization\"},\"image\":{\"@id\":\"https:\/\/abayanalistas.net\/es\/presentacion-del-vi-informe-sobre-la-financiacion-de-pymes-y-autonomos-de-andalucia-2024\/#primaryimage\"},\"thumbnailUrl\":\"https:\/\/abayanalistas.net\/es\/wp-content\/uploads\/image020250513120636-scaled.jpeg\",\"articleSection\":[\"Noticia\",\"Presentaciones de informes\"],\"inLanguage\":\"es\"},{\"@type\":\"WebPage\",\"@id\":\"https:\/\/abayanalistas.net\/es\/presentacion-del-vi-informe-sobre-la-financiacion-de-pymes-y-autonomos-de-andalucia-2024\/\",\"url\":\"https:\/\/abayanalistas.net\/es\/presentacion-del-vi-informe-sobre-la-financiacion-de-pymes-y-autonomos-de-andalucia-2024\/\",\"name\":\"Presentaci\u00f3n del VI Informe sobre la financiaci\u00f3n de pymes y aut\u00f3nomos de Andaluc\u00eda 2024 - Abay Analistas\",\"isPartOf\":{\"@id\":\"https:\/\/abayanalistas.net\/es\/#website\"},\"primaryImageOfPage\":{\"@id\":\"https:\/\/abayanalistas.net\/es\/presentacion-del-vi-informe-sobre-la-financiacion-de-pymes-y-autonomos-de-andalucia-2024\/#primaryimage\"},\"image\":{\"@id\":\"https:\/\/abayanalistas.net\/es\/presentacion-del-vi-informe-sobre-la-financiacion-de-pymes-y-autonomos-de-andalucia-2024\/#primaryimage\"},\"thumbnailUrl\":\"https:\/\/abayanalistas.net\/es\/wp-content\/uploads\/image020250513120636-scaled.jpeg\",\"datePublished\":\"2025-05-13T10:54:21+00:00\",\"dateModified\":\"2025-05-13T10:54:51+00:00\",\"breadcrumb\":{\"@id\":\"https:\/\/abayanalistas.net\/es\/presentacion-del-vi-informe-sobre-la-financiacion-de-pymes-y-autonomos-de-andalucia-2024\/#breadcrumb\"},\"inLanguage\":\"es\",\"potentialAction\":[{\"@type\":\"ReadAction\",\"target\":[\"https:\/\/abayanalistas.net\/es\/presentacion-del-vi-informe-sobre-la-financiacion-de-pymes-y-autonomos-de-andalucia-2024\/\"]}]},{\"@type\":\"ImageObject\",\"inLanguage\":\"es\",\"@id\":\"https:\/\/abayanalistas.net\/es\/presentacion-del-vi-informe-sobre-la-financiacion-de-pymes-y-autonomos-de-andalucia-2024\/#primaryimage\",\"url\":\"https:\/\/abayanalistas.net\/es\/wp-content\/uploads\/image020250513120636-scaled.jpeg\",\"contentUrl\":\"https:\/\/abayanalistas.net\/es\/wp-content\/uploads\/image020250513120636-scaled.jpeg\",\"width\":2560,\"height\":1707,\"caption\":\"image020250513120636\"},{\"@type\":\"BreadcrumbList\",\"@id\":\"https:\/\/abayanalistas.net\/es\/presentacion-del-vi-informe-sobre-la-financiacion-de-pymes-y-autonomos-de-andalucia-2024\/#breadcrumb\",\"itemListElement\":[{\"@type\":\"ListItem\",\"position\":1,\"name\":\"Portada\",\"item\":\"https:\/\/abayanalistas.net\/es\/\"},{\"@type\":\"ListItem\",\"position\":2,\"name\":\"Presentaci\u00f3n del VI Informe sobre la financiaci\u00f3n de pymes y aut\u00f3nomos de Andaluc\u00eda 2024\"}]},{\"@type\":\"WebSite\",\"@id\":\"https:\/\/abayanalistas.net\/es\/#website\",\"url\":\"https:\/\/abayanalistas.net\/es\/\",\"name\":\"Abay Analistas\",\"description\":\"Analistas econ\u00f3micos y sociales\",\"publisher\":{\"@id\":\"https:\/\/abayanalistas.net\/es\/#organization\"},\"potentialAction\":[{\"@type\":\"SearchAction\",\"target\":{\"@type\":\"EntryPoint\",\"urlTemplate\":\"https:\/\/abayanalistas.net\/es\/?s={search_term_string}\"},\"query-input\":{\"@type\":\"PropertyValueSpecification\",\"valueRequired\":true,\"valueName\":\"search_term_string\"}}],\"inLanguage\":\"es\"},{\"@type\":\"Organization\",\"@id\":\"https:\/\/abayanalistas.net\/es\/#organization\",\"name\":\"Abay Analistas\",\"url\":\"https:\/\/abayanalistas.net\/es\/\",\"logo\":{\"@type\":\"ImageObject\",\"inLanguage\":\"es\",\"@id\":\"https:\/\/abayanalistas.net\/es\/#\/schema\/logo\/image\/\",\"url\":\"https:\/\/i0.wp.com\/abayanalistas.net\/es\/wp-content\/uploads\/Logo_Abay_Retina.png?fit=280%2C96&ssl=1\",\"contentUrl\":\"https:\/\/i0.wp.com\/abayanalistas.net\/es\/wp-content\/uploads\/Logo_Abay_Retina.png?fit=280%2C96&ssl=1\",\"width\":280,\"height\":96,\"caption\":\"Abay Analistas\"},\"image\":{\"@id\":\"https:\/\/abayanalistas.net\/es\/#\/schema\/logo\/image\/\"},\"sameAs\":[\"https:\/\/x.com\/abayanalistas\",\"https:\/\/www.linkedin.com\/company\/abay-analistas?trk=biz-companies-cym\"]},{\"@type\":\"Person\",\"@id\":\"https:\/\/abayanalistas.net\/es\/#\/schema\/person\/e606ae20a7be8e0a0b8a7c999a938b84\",\"name\":\"Abay\"}]}<\/script>\n<!-- \/ Yoast SEO plugin. -->","yoast_head_json":{"title":"Presentaci\u00f3n del VI Informe sobre la financiaci\u00f3n de pymes y aut\u00f3nomos de Andaluc\u00eda 2024 - Abay Analistas","robots":{"index":"index","follow":"follow","max-snippet":"max-snippet:-1","max-image-preview":"max-image-preview:large","max-video-preview":"max-video-preview:-1"},"canonical":"https:\/\/abayanalistas.net\/es\/presentacion-del-vi-informe-sobre-la-financiacion-de-pymes-y-autonomos-de-andalucia-2024\/","og_locale":"es_ES","og_type":"article","og_title":"Presentaci\u00f3n del VI Informe sobre la financiaci\u00f3n de pymes y aut\u00f3nomos de Andaluc\u00eda 2024 - Abay Analistas","og_url":"https:\/\/abayanalistas.net\/es\/presentacion-del-vi-informe-sobre-la-financiacion-de-pymes-y-autonomos-de-andalucia-2024\/","og_site_name":"Abay Analistas","article_published_time":"2025-05-13T10:54:21+00:00","article_modified_time":"2025-05-13T10:54:51+00:00","og_image":[{"width":1620,"height":1080,"url":"https:\/\/abayanalistas.net\/es\/wp-content\/uploads\/image020250513120636-1620x1080.jpeg","type":"image\/jpeg"}],"author":"Abay","twitter_card":"summary_large_image","twitter_creator":"@abayanalistas","twitter_site":"@abayanalistas","twitter_misc":{"Escrito por":"Abay","Tiempo de lectura":"2 minutos"},"schema":{"@context":"https:\/\/schema.org","@graph":[{"@type":"Article","@id":"https:\/\/abayanalistas.net\/es\/presentacion-del-vi-informe-sobre-la-financiacion-de-pymes-y-autonomos-de-andalucia-2024\/#article","isPartOf":{"@id":"https:\/\/abayanalistas.net\/es\/presentacion-del-vi-informe-sobre-la-financiacion-de-pymes-y-autonomos-de-andalucia-2024\/"},"author":{"name":"Abay","@id":"https:\/\/abayanalistas.net\/es\/#\/schema\/person\/e606ae20a7be8e0a0b8a7c999a938b84"},"headline":"Presentaci\u00f3n del VI Informe sobre la financiaci\u00f3n de pymes y aut\u00f3nomos de Andaluc\u00eda 2024","datePublished":"2025-05-13T10:54:21+00:00","dateModified":"2025-05-13T10:54:51+00:00","mainEntityOfPage":{"@id":"https:\/\/abayanalistas.net\/es\/presentacion-del-vi-informe-sobre-la-financiacion-de-pymes-y-autonomos-de-andalucia-2024\/"},"wordCount":597,"publisher":{"@id":"https:\/\/abayanalistas.net\/es\/#organization"},"image":{"@id":"https:\/\/abayanalistas.net\/es\/presentacion-del-vi-informe-sobre-la-financiacion-de-pymes-y-autonomos-de-andalucia-2024\/#primaryimage"},"thumbnailUrl":"https:\/\/abayanalistas.net\/es\/wp-content\/uploads\/image020250513120636-scaled.jpeg","articleSection":["Noticia","Presentaciones de informes"],"inLanguage":"es"},{"@type":"WebPage","@id":"https:\/\/abayanalistas.net\/es\/presentacion-del-vi-informe-sobre-la-financiacion-de-pymes-y-autonomos-de-andalucia-2024\/","url":"https:\/\/abayanalistas.net\/es\/presentacion-del-vi-informe-sobre-la-financiacion-de-pymes-y-autonomos-de-andalucia-2024\/","name":"Presentaci\u00f3n del VI Informe sobre la financiaci\u00f3n de pymes y aut\u00f3nomos de Andaluc\u00eda 2024 - Abay Analistas","isPartOf":{"@id":"https:\/\/abayanalistas.net\/es\/#website"},"primaryImageOfPage":{"@id":"https:\/\/abayanalistas.net\/es\/presentacion-del-vi-informe-sobre-la-financiacion-de-pymes-y-autonomos-de-andalucia-2024\/#primaryimage"},"image":{"@id":"https:\/\/abayanalistas.net\/es\/presentacion-del-vi-informe-sobre-la-financiacion-de-pymes-y-autonomos-de-andalucia-2024\/#primaryimage"},"thumbnailUrl":"https:\/\/abayanalistas.net\/es\/wp-content\/uploads\/image020250513120636-scaled.jpeg","datePublished":"2025-05-13T10:54:21+00:00","dateModified":"2025-05-13T10:54:51+00:00","breadcrumb":{"@id":"https:\/\/abayanalistas.net\/es\/presentacion-del-vi-informe-sobre-la-financiacion-de-pymes-y-autonomos-de-andalucia-2024\/#breadcrumb"},"inLanguage":"es","potentialAction":[{"@type":"ReadAction","target":["https:\/\/abayanalistas.net\/es\/presentacion-del-vi-informe-sobre-la-financiacion-de-pymes-y-autonomos-de-andalucia-2024\/"]}]},{"@type":"ImageObject","inLanguage":"es","@id":"https:\/\/abayanalistas.net\/es\/presentacion-del-vi-informe-sobre-la-financiacion-de-pymes-y-autonomos-de-andalucia-2024\/#primaryimage","url":"https:\/\/abayanalistas.net\/es\/wp-content\/uploads\/image020250513120636-scaled.jpeg","contentUrl":"https:\/\/abayanalistas.net\/es\/wp-content\/uploads\/image020250513120636-scaled.jpeg","width":2560,"height":1707,"caption":"image020250513120636"},{"@type":"BreadcrumbList","@id":"https:\/\/abayanalistas.net\/es\/presentacion-del-vi-informe-sobre-la-financiacion-de-pymes-y-autonomos-de-andalucia-2024\/#breadcrumb","itemListElement":[{"@type":"ListItem","position":1,"name":"Portada","item":"https:\/\/abayanalistas.net\/es\/"},{"@type":"ListItem","position":2,"name":"Presentaci\u00f3n del VI Informe sobre la financiaci\u00f3n de pymes y aut\u00f3nomos de Andaluc\u00eda 2024"}]},{"@type":"WebSite","@id":"https:\/\/abayanalistas.net\/es\/#website","url":"https:\/\/abayanalistas.net\/es\/","name":"Abay Analistas","description":"Analistas econ\u00f3micos y sociales","publisher":{"@id":"https:\/\/abayanalistas.net\/es\/#organization"},"potentialAction":[{"@type":"SearchAction","target":{"@type":"EntryPoint","urlTemplate":"https:\/\/abayanalistas.net\/es\/?s={search_term_string}"},"query-input":{"@type":"PropertyValueSpecification","valueRequired":true,"valueName":"search_term_string"}}],"inLanguage":"es"},{"@type":"Organization","@id":"https:\/\/abayanalistas.net\/es\/#organization","name":"Abay Analistas","url":"https:\/\/abayanalistas.net\/es\/","logo":{"@type":"ImageObject","inLanguage":"es","@id":"https:\/\/abayanalistas.net\/es\/#\/schema\/logo\/image\/","url":"https:\/\/i0.wp.com\/abayanalistas.net\/es\/wp-content\/uploads\/Logo_Abay_Retina.png?fit=280%2C96&ssl=1","contentUrl":"https:\/\/i0.wp.com\/abayanalistas.net\/es\/wp-content\/uploads\/Logo_Abay_Retina.png?fit=280%2C96&ssl=1","width":280,"height":96,"caption":"Abay Analistas"},"image":{"@id":"https:\/\/abayanalistas.net\/es\/#\/schema\/logo\/image\/"},"sameAs":["https:\/\/x.com\/abayanalistas","https:\/\/www.linkedin.com\/company\/abay-analistas?trk=biz-companies-cym"]},{"@type":"Person","@id":"https:\/\/abayanalistas.net\/es\/#\/schema\/person\/e606ae20a7be8e0a0b8a7c999a938b84","name":"Abay"}]}},"_links":{"self":[{"href":"https:\/\/abayanalistas.net\/es\/wp-json\/wp\/v2\/posts\/4123"}],"collection":[{"href":"https:\/\/abayanalistas.net\/es\/wp-json\/wp\/v2\/posts"}],"about":[{"href":"https:\/\/abayanalistas.net\/es\/wp-json\/wp\/v2\/types\/post"}],"author":[{"embeddable":true,"href":"https:\/\/abayanalistas.net\/es\/wp-json\/wp\/v2\/users\/1"}],"replies":[{"embeddable":true,"href":"https:\/\/abayanalistas.net\/es\/wp-json\/wp\/v2\/comments?post=4123"}],"version-history":[{"count":1,"href":"https:\/\/abayanalistas.net\/es\/wp-json\/wp\/v2\/posts\/4123\/revisions"}],"predecessor-version":[{"id":4125,"href":"https:\/\/abayanalistas.net\/es\/wp-json\/wp\/v2\/posts\/4123\/revisions\/4125"}],"wp:featuredmedia":[{"embeddable":true,"href":"https:\/\/abayanalistas.net\/es\/wp-json\/wp\/v2\/media\/4124"}],"wp:attachment":[{"href":"https:\/\/abayanalistas.net\/es\/wp-json\/wp\/v2\/media?parent=4123"}],"wp:term":[{"taxonomy":"category","embeddable":true,"href":"https:\/\/abayanalistas.net\/es\/wp-json\/wp\/v2\/categories?post=4123"},{"taxonomy":"post_tag","embeddable":true,"href":"https:\/\/abayanalistas.net\/es\/wp-json\/wp\/v2\/tags?post=4123"}],"curies":[{"name":"wp","href":"https:\/\/api.w.org\/{rel}","templated":true}]}}