{"id":4106,"date":"2025-03-31T18:25:54","date_gmt":"2025-03-31T18:25:54","guid":{"rendered":"https:\/\/abayanalistas.net\/es\/?p=4106"},"modified":"2025-03-31T18:25:54","modified_gmt":"2025-03-31T18:25:54","slug":"presentacion-del-informe-la-accion-climatica-en-las-empresas-espanolas-2024","status":"publish","type":"post","link":"https:\/\/abayanalistas.net\/es\/presentacion-del-informe-la-accion-climatica-en-las-empresas-espanolas-2024\/","title":{"rendered":"Presentaci\u00f3n del informe \u00abLa acci\u00f3n clim\u00e1tica en las empresas espa\u00f1olas 2024\u00bb"},"content":{"rendered":"<div class=\"fusion-fullwidth fullwidth-box fusion-builder-row-1 nonhundred-percent-fullwidth non-hundred-percent-height-scrolling\" style=\"background-color: rgba(255,255,255,0);background-position: left top;background-repeat: no-repeat;padding-top:20px;padding-right:0px;padding-bottom:20px;padding-left:0px;margin-bottom: 0px;margin-top: 0px;border-width: 0px 0px 0px 0px;border-color:#eae9e9;border-style:solid;\" ><div class=\"fusion-builder-row fusion-row\"><div class=\"fusion-layout-column fusion_builder_column fusion-builder-column-0 fusion_builder_column_1_1 1_1 fusion-one-full fusion-column-first fusion-column-last fusion-column-no-min-height\" style=\"margin-top:0px;margin-bottom:0px;\"><div class=\"fusion-column-wrapper fusion-flex-column-wrapper-legacy\" style=\"background-position:left top;background-repeat:no-repeat;-webkit-background-size:cover;-moz-background-size:cover;-o-background-size:cover;background-size:cover;padding: 0px 0px 0px 0px;\"><div class=\"fusion-text fusion-text-1\"><p>Presentaci\u00f3n del informe \u00abLa acci\u00f3n clim\u00e1tica en las empresas espa\u00f1olas 2024\u00bb en el evento de presentaci\u00f3n de Alinnea, think and action tank creado para impulsar la acci\u00f3n clim\u00e1tica en Espa\u00f1a, en la Torre IE &#8211; Caleido.<\/p>\n<p>Fecha: 31 de marzo de 2025<\/p>\n<\/div><div class=\"fusion-button-wrapper\"><style type=\"text\/css\">.fusion-button.button-1 {border-radius:0px;}<\/style><a class=\"fusion-button button-flat fusion-button-default-size button-default button-1 fusion-button-default-span fusion-button-default-type\" target=\"_blank\" rel=\"noopener noreferrer\" href=\"https:\/\/www.expansion.com\/economia-sostenible\/2025\/03\/31\/67ea6c9ae5fdea14728b4590.html\"><span class=\"fusion-button-text\">EXPANSI\u00d3N<\/span><\/a><\/div><div class=\"fusion-button-wrapper\"><style type=\"text\/css\">.fusion-button.button-2 {border-radius:0px;}<\/style><a class=\"fusion-button button-flat fusion-button-default-size button-default button-2 fusion-button-default-span fusion-button-default-type\" target=\"_self\" href=\"https:\/\/elperiodicodelaenergia.com\/mas-de-la-mitad-de-empresas-estima-que-el-coste-de-no-abordar-riesgos-climaticos-es-muy-superior-al-de-hacerlo\/\"><span class=\"fusion-button-text\">EL PERI\u00d3DICO DE LA ENERG\u00cdA<\/span><\/a><\/div><div class=\"fusion-clearfix\"><\/div><\/div><\/div><\/div><\/div>\n","protected":false},"excerpt":{"rendered":"","protected":false},"author":1,"featured_media":4107,"comment_status":"closed","ping_status":"closed","sticky":false,"template":"","format":"standard","meta":{"footnotes":""},"categories":[50,46],"tags":[],"yoast_head":"<!-- This site is optimized with the Yoast SEO plugin v24.5 - https:\/\/yoast.com\/wordpress\/plugins\/seo\/ -->\n<title>Presentaci\u00f3n del informe &quot;La acci\u00f3n clim\u00e1tica en las empresas espa\u00f1olas 2024&quot; - Abay Analistas<\/title>\n<meta name=\"robots\" content=\"index, follow, max-snippet:-1, max-image-preview:large, max-video-preview:-1\" \/>\n<link rel=\"canonical\" href=\"https:\/\/abayanalistas.net\/es\/presentacion-del-informe-la-accion-climatica-en-las-empresas-espanolas-2024\/\" \/>\n<meta property=\"og:locale\" content=\"es_ES\" \/>\n<meta property=\"og:type\" content=\"article\" \/>\n<meta property=\"og:title\" content=\"Presentaci\u00f3n del informe &quot;La acci\u00f3n clim\u00e1tica en las empresas espa\u00f1olas 2024&quot; - Abay Analistas\" \/>\n<meta property=\"og:url\" content=\"https:\/\/abayanalistas.net\/es\/presentacion-del-informe-la-accion-climatica-en-las-empresas-espanolas-2024\/\" \/>\n<meta property=\"og:site_name\" content=\"Abay Analistas\" \/>\n<meta property=\"article:published_time\" content=\"2025-03-31T18:25:54+00:00\" \/>\n<meta property=\"og:image\" content=\"https:\/\/abayanalistas.net\/es\/wp-content\/uploads\/Sin-titulo-5.png\" \/>\n\t<meta property=\"og:image:width\" content=\"375\" \/>\n\t<meta property=\"og:image:height\" content=\"278\" \/>\n\t<meta property=\"og:image:type\" content=\"image\/png\" \/>\n<meta name=\"author\" content=\"Abay\" \/>\n<meta name=\"twitter:card\" content=\"summary_large_image\" \/>\n<meta name=\"twitter:creator\" content=\"@abayanalistas\" \/>\n<meta name=\"twitter:site\" content=\"@abayanalistas\" \/>\n<meta name=\"twitter:label1\" content=\"Escrito por\" \/>\n\t<meta name=\"twitter:data1\" content=\"Abay\" \/>\n\t<meta name=\"twitter:label2\" content=\"Tiempo de lectura\" \/>\n\t<meta name=\"twitter:data2\" content=\"1 minuto\" \/>\n<script type=\"application\/ld+json\" class=\"yoast-schema-graph\">{\"@context\":\"https:\/\/schema.org\",\"@graph\":[{\"@type\":\"Article\",\"@id\":\"https:\/\/abayanalistas.net\/es\/presentacion-del-informe-la-accion-climatica-en-las-empresas-espanolas-2024\/#article\",\"isPartOf\":{\"@id\":\"https:\/\/abayanalistas.net\/es\/presentacion-del-informe-la-accion-climatica-en-las-empresas-espanolas-2024\/\"},\"author\":{\"name\":\"Abay\",\"@id\":\"https:\/\/abayanalistas.net\/es\/#\/schema\/person\/e606ae20a7be8e0a0b8a7c999a938b84\"},\"headline\":\"Presentaci\u00f3n del informe \u00abLa acci\u00f3n clim\u00e1tica en las empresas espa\u00f1olas 2024\u00bb\",\"datePublished\":\"2025-03-31T18:25:54+00:00\",\"mainEntityOfPage\":{\"@id\":\"https:\/\/abayanalistas.net\/es\/presentacion-del-informe-la-accion-climatica-en-las-empresas-espanolas-2024\/\"},\"wordCount\":501,\"publisher\":{\"@id\":\"https:\/\/abayanalistas.net\/es\/#organization\"},\"image\":{\"@id\":\"https:\/\/abayanalistas.net\/es\/presentacion-del-informe-la-accion-climatica-en-las-empresas-espanolas-2024\/#primaryimage\"},\"thumbnailUrl\":\"https:\/\/abayanalistas.net\/es\/wp-content\/uploads\/Sin-titulo-5.png\",\"articleSection\":[\"Noticia\",\"Presentaciones de informes\"],\"inLanguage\":\"es\"},{\"@type\":\"WebPage\",\"@id\":\"https:\/\/abayanalistas.net\/es\/presentacion-del-informe-la-accion-climatica-en-las-empresas-espanolas-2024\/\",\"url\":\"https:\/\/abayanalistas.net\/es\/presentacion-del-informe-la-accion-climatica-en-las-empresas-espanolas-2024\/\",\"name\":\"Presentaci\u00f3n del informe \\\"La acci\u00f3n clim\u00e1tica en las empresas espa\u00f1olas 2024\\\" - Abay Analistas\",\"isPartOf\":{\"@id\":\"https:\/\/abayanalistas.net\/es\/#website\"},\"primaryImageOfPage\":{\"@id\":\"https:\/\/abayanalistas.net\/es\/presentacion-del-informe-la-accion-climatica-en-las-empresas-espanolas-2024\/#primaryimage\"},\"image\":{\"@id\":\"https:\/\/abayanalistas.net\/es\/presentacion-del-informe-la-accion-climatica-en-las-empresas-espanolas-2024\/#primaryimage\"},\"thumbnailUrl\":\"https:\/\/abayanalistas.net\/es\/wp-content\/uploads\/Sin-titulo-5.png\",\"datePublished\":\"2025-03-31T18:25:54+00:00\",\"breadcrumb\":{\"@id\":\"https:\/\/abayanalistas.net\/es\/presentacion-del-informe-la-accion-climatica-en-las-empresas-espanolas-2024\/#breadcrumb\"},\"inLanguage\":\"es\",\"potentialAction\":[{\"@type\":\"ReadAction\",\"target\":[\"https:\/\/abayanalistas.net\/es\/presentacion-del-informe-la-accion-climatica-en-las-empresas-espanolas-2024\/\"]}]},{\"@type\":\"ImageObject\",\"inLanguage\":\"es\",\"@id\":\"https:\/\/abayanalistas.net\/es\/presentacion-del-informe-la-accion-climatica-en-las-empresas-espanolas-2024\/#primaryimage\",\"url\":\"https:\/\/abayanalistas.net\/es\/wp-content\/uploads\/Sin-titulo-5.png\",\"contentUrl\":\"https:\/\/abayanalistas.net\/es\/wp-content\/uploads\/Sin-titulo-5.png\",\"width\":375,\"height\":278,\"caption\":\"Sin t\u00edtulo\"},{\"@type\":\"BreadcrumbList\",\"@id\":\"https:\/\/abayanalistas.net\/es\/presentacion-del-informe-la-accion-climatica-en-las-empresas-espanolas-2024\/#breadcrumb\",\"itemListElement\":[{\"@type\":\"ListItem\",\"position\":1,\"name\":\"Portada\",\"item\":\"https:\/\/abayanalistas.net\/es\/\"},{\"@type\":\"ListItem\",\"position\":2,\"name\":\"Presentaci\u00f3n del informe \u00abLa acci\u00f3n clim\u00e1tica en las empresas espa\u00f1olas 2024\u00bb\"}]},{\"@type\":\"WebSite\",\"@id\":\"https:\/\/abayanalistas.net\/es\/#website\",\"url\":\"https:\/\/abayanalistas.net\/es\/\",\"name\":\"Abay Analistas\",\"description\":\"Analistas econ\u00f3micos y sociales\",\"publisher\":{\"@id\":\"https:\/\/abayanalistas.net\/es\/#organization\"},\"potentialAction\":[{\"@type\":\"SearchAction\",\"target\":{\"@type\":\"EntryPoint\",\"urlTemplate\":\"https:\/\/abayanalistas.net\/es\/?s={search_term_string}\"},\"query-input\":{\"@type\":\"PropertyValueSpecification\",\"valueRequired\":true,\"valueName\":\"search_term_string\"}}],\"inLanguage\":\"es\"},{\"@type\":\"Organization\",\"@id\":\"https:\/\/abayanalistas.net\/es\/#organization\",\"name\":\"Abay Analistas\",\"url\":\"https:\/\/abayanalistas.net\/es\/\",\"logo\":{\"@type\":\"ImageObject\",\"inLanguage\":\"es\",\"@id\":\"https:\/\/abayanalistas.net\/es\/#\/schema\/logo\/image\/\",\"url\":\"https:\/\/i0.wp.com\/abayanalistas.net\/es\/wp-content\/uploads\/Logo_Abay_Retina.png?fit=280%2C96&ssl=1\",\"contentUrl\":\"https:\/\/i0.wp.com\/abayanalistas.net\/es\/wp-content\/uploads\/Logo_Abay_Retina.png?fit=280%2C96&ssl=1\",\"width\":280,\"height\":96,\"caption\":\"Abay Analistas\"},\"image\":{\"@id\":\"https:\/\/abayanalistas.net\/es\/#\/schema\/logo\/image\/\"},\"sameAs\":[\"https:\/\/x.com\/abayanalistas\",\"https:\/\/www.linkedin.com\/company\/abay-analistas?trk=biz-companies-cym\"]},{\"@type\":\"Person\",\"@id\":\"https:\/\/abayanalistas.net\/es\/#\/schema\/person\/e606ae20a7be8e0a0b8a7c999a938b84\",\"name\":\"Abay\"}]}<\/script>\n<!-- \/ Yoast SEO plugin. -->","yoast_head_json":{"title":"Presentaci\u00f3n del informe \"La acci\u00f3n clim\u00e1tica en las empresas espa\u00f1olas 2024\" - Abay Analistas","robots":{"index":"index","follow":"follow","max-snippet":"max-snippet:-1","max-image-preview":"max-image-preview:large","max-video-preview":"max-video-preview:-1"},"canonical":"https:\/\/abayanalistas.net\/es\/presentacion-del-informe-la-accion-climatica-en-las-empresas-espanolas-2024\/","og_locale":"es_ES","og_type":"article","og_title":"Presentaci\u00f3n del informe \"La acci\u00f3n clim\u00e1tica en las empresas espa\u00f1olas 2024\" - Abay Analistas","og_url":"https:\/\/abayanalistas.net\/es\/presentacion-del-informe-la-accion-climatica-en-las-empresas-espanolas-2024\/","og_site_name":"Abay Analistas","article_published_time":"2025-03-31T18:25:54+00:00","og_image":[{"width":375,"height":278,"url":"https:\/\/abayanalistas.net\/es\/wp-content\/uploads\/Sin-titulo-5.png","type":"image\/png"}],"author":"Abay","twitter_card":"summary_large_image","twitter_creator":"@abayanalistas","twitter_site":"@abayanalistas","twitter_misc":{"Escrito por":"Abay","Tiempo de lectura":"1 minuto"},"schema":{"@context":"https:\/\/schema.org","@graph":[{"@type":"Article","@id":"https:\/\/abayanalistas.net\/es\/presentacion-del-informe-la-accion-climatica-en-las-empresas-espanolas-2024\/#article","isPartOf":{"@id":"https:\/\/abayanalistas.net\/es\/presentacion-del-informe-la-accion-climatica-en-las-empresas-espanolas-2024\/"},"author":{"name":"Abay","@id":"https:\/\/abayanalistas.net\/es\/#\/schema\/person\/e606ae20a7be8e0a0b8a7c999a938b84"},"headline":"Presentaci\u00f3n del informe \u00abLa acci\u00f3n clim\u00e1tica en las empresas espa\u00f1olas 2024\u00bb","datePublished":"2025-03-31T18:25:54+00:00","mainEntityOfPage":{"@id":"https:\/\/abayanalistas.net\/es\/presentacion-del-informe-la-accion-climatica-en-las-empresas-espanolas-2024\/"},"wordCount":501,"publisher":{"@id":"https:\/\/abayanalistas.net\/es\/#organization"},"image":{"@id":"https:\/\/abayanalistas.net\/es\/presentacion-del-informe-la-accion-climatica-en-las-empresas-espanolas-2024\/#primaryimage"},"thumbnailUrl":"https:\/\/abayanalistas.net\/es\/wp-content\/uploads\/Sin-titulo-5.png","articleSection":["Noticia","Presentaciones de informes"],"inLanguage":"es"},{"@type":"WebPage","@id":"https:\/\/abayanalistas.net\/es\/presentacion-del-informe-la-accion-climatica-en-las-empresas-espanolas-2024\/","url":"https:\/\/abayanalistas.net\/es\/presentacion-del-informe-la-accion-climatica-en-las-empresas-espanolas-2024\/","name":"Presentaci\u00f3n del informe \"La acci\u00f3n clim\u00e1tica en las empresas espa\u00f1olas 2024\" - Abay Analistas","isPartOf":{"@id":"https:\/\/abayanalistas.net\/es\/#website"},"primaryImageOfPage":{"@id":"https:\/\/abayanalistas.net\/es\/presentacion-del-informe-la-accion-climatica-en-las-empresas-espanolas-2024\/#primaryimage"},"image":{"@id":"https:\/\/abayanalistas.net\/es\/presentacion-del-informe-la-accion-climatica-en-las-empresas-espanolas-2024\/#primaryimage"},"thumbnailUrl":"https:\/\/abayanalistas.net\/es\/wp-content\/uploads\/Sin-titulo-5.png","datePublished":"2025-03-31T18:25:54+00:00","breadcrumb":{"@id":"https:\/\/abayanalistas.net\/es\/presentacion-del-informe-la-accion-climatica-en-las-empresas-espanolas-2024\/#breadcrumb"},"inLanguage":"es","potentialAction":[{"@type":"ReadAction","target":["https:\/\/abayanalistas.net\/es\/presentacion-del-informe-la-accion-climatica-en-las-empresas-espanolas-2024\/"]}]},{"@type":"ImageObject","inLanguage":"es","@id":"https:\/\/abayanalistas.net\/es\/presentacion-del-informe-la-accion-climatica-en-las-empresas-espanolas-2024\/#primaryimage","url":"https:\/\/abayanalistas.net\/es\/wp-content\/uploads\/Sin-titulo-5.png","contentUrl":"https:\/\/abayanalistas.net\/es\/wp-content\/uploads\/Sin-titulo-5.png","width":375,"height":278,"caption":"Sin t\u00edtulo"},{"@type":"BreadcrumbList","@id":"https:\/\/abayanalistas.net\/es\/presentacion-del-informe-la-accion-climatica-en-las-empresas-espanolas-2024\/#breadcrumb","itemListElement":[{"@type":"ListItem","position":1,"name":"Portada","item":"https:\/\/abayanalistas.net\/es\/"},{"@type":"ListItem","position":2,"name":"Presentaci\u00f3n del informe \u00abLa acci\u00f3n clim\u00e1tica en las empresas espa\u00f1olas 2024\u00bb"}]},{"@type":"WebSite","@id":"https:\/\/abayanalistas.net\/es\/#website","url":"https:\/\/abayanalistas.net\/es\/","name":"Abay Analistas","description":"Analistas econ\u00f3micos y sociales","publisher":{"@id":"https:\/\/abayanalistas.net\/es\/#organization"},"potentialAction":[{"@type":"SearchAction","target":{"@type":"EntryPoint","urlTemplate":"https:\/\/abayanalistas.net\/es\/?s={search_term_string}"},"query-input":{"@type":"PropertyValueSpecification","valueRequired":true,"valueName":"search_term_string"}}],"inLanguage":"es"},{"@type":"Organization","@id":"https:\/\/abayanalistas.net\/es\/#organization","name":"Abay Analistas","url":"https:\/\/abayanalistas.net\/es\/","logo":{"@type":"ImageObject","inLanguage":"es","@id":"https:\/\/abayanalistas.net\/es\/#\/schema\/logo\/image\/","url":"https:\/\/i0.wp.com\/abayanalistas.net\/es\/wp-content\/uploads\/Logo_Abay_Retina.png?fit=280%2C96&ssl=1","contentUrl":"https:\/\/i0.wp.com\/abayanalistas.net\/es\/wp-content\/uploads\/Logo_Abay_Retina.png?fit=280%2C96&ssl=1","width":280,"height":96,"caption":"Abay Analistas"},"image":{"@id":"https:\/\/abayanalistas.net\/es\/#\/schema\/logo\/image\/"},"sameAs":["https:\/\/x.com\/abayanalistas","https:\/\/www.linkedin.com\/company\/abay-analistas?trk=biz-companies-cym"]},{"@type":"Person","@id":"https:\/\/abayanalistas.net\/es\/#\/schema\/person\/e606ae20a7be8e0a0b8a7c999a938b84","name":"Abay"}]}},"_links":{"self":[{"href":"https:\/\/abayanalistas.net\/es\/wp-json\/wp\/v2\/posts\/4106"}],"collection":[{"href":"https:\/\/abayanalistas.net\/es\/wp-json\/wp\/v2\/posts"}],"about":[{"href":"https:\/\/abayanalistas.net\/es\/wp-json\/wp\/v2\/types\/post"}],"author":[{"embeddable":true,"href":"https:\/\/abayanalistas.net\/es\/wp-json\/wp\/v2\/users\/1"}],"replies":[{"embeddable":true,"href":"https:\/\/abayanalistas.net\/es\/wp-json\/wp\/v2\/comments?post=4106"}],"version-history":[{"count":1,"href":"https:\/\/abayanalistas.net\/es\/wp-json\/wp\/v2\/posts\/4106\/revisions"}],"predecessor-version":[{"id":4109,"href":"https:\/\/abayanalistas.net\/es\/wp-json\/wp\/v2\/posts\/4106\/revisions\/4109"}],"wp:featuredmedia":[{"embeddable":true,"href":"https:\/\/abayanalistas.net\/es\/wp-json\/wp\/v2\/media\/4107"}],"wp:attachment":[{"href":"https:\/\/abayanalistas.net\/es\/wp-json\/wp\/v2\/media?parent=4106"}],"wp:term":[{"taxonomy":"category","embeddable":true,"href":"https:\/\/abayanalistas.net\/es\/wp-json\/wp\/v2\/categories?post=4106"},{"taxonomy":"post_tag","embeddable":true,"href":"https:\/\/abayanalistas.net\/es\/wp-json\/wp\/v2\/tags?post=4106"}],"curies":[{"name":"wp","href":"https:\/\/api.w.org\/{rel}","templated":true}]}}