{"id":3432,"date":"2019-07-26T10:30:29","date_gmt":"2019-07-26T10:30:29","guid":{"rendered":"https:\/\/abayanalistas.net\/es\/?p=3432"},"modified":"2021-04-13T10:03:25","modified_gmt":"2021-04-13T10:03:25","slug":"la-economia-social-en-el-emprendimiento-de-base-tecnologica-en-espana-un-analisis-cualitativo","status":"publish","type":"post","link":"https:\/\/abayanalistas.net\/es\/la-economia-social-en-el-emprendimiento-de-base-tecnologica-en-espana-un-analisis-cualitativo\/","title":{"rendered":"La Econom\u00eda Social en el emprendimiento de base tecnol\u00f3gica en Espa\u00f1a. Un an\u00e1lisis cualitativo"},"content":{"rendered":"<div class=\"fusion-fullwidth fullwidth-box fusion-builder-row-1 nonhundred-percent-fullwidth non-hundred-percent-height-scrolling\" style=\"background-color: rgba(255,255,255,0);background-position: left top;background-repeat: no-repeat;padding-top:20px;padding-right:0px;padding-bottom:20px;padding-left:0px;margin-bottom: 0px;margin-top: 0px;border-width: 0px 0px 0px 0px;border-color:#eae9e9;border-style:solid;\" ><div class=\"fusion-builder-row fusion-row\"><div class=\"fusion-layout-column fusion_builder_column fusion-builder-column-0 fusion_builder_column_1_3 1_3 fusion-one-third fusion-column-first\" style=\"width:33.333333333333%;width:calc(33.333333333333% - ( ( 4% ) * 0.33333333333333 ) );margin-right: 4%;margin-top:0px;margin-bottom:20px;\"><div class=\"fusion-column-wrapper fusion-flex-column-wrapper-legacy\" style=\"background-position:left top;background-repeat:no-repeat;-webkit-background-size:cover;-moz-background-size:cover;-o-background-size:cover;background-size:cover;padding: 0px 0px 0px 0px;\"><span class=\" fusion-imageframe imageframe-none imageframe-1 hover-type-none\"><img decoding=\"async\" width=\"697\" height=\"652\" alt=\"la economia social emprendimiento tecnologico\" title=\"la economia social emprendimiento tecnologico\" src=\"https:\/\/abayanalistas.net\/es\/wp-content\/uploads\/la-economia-social-emprendimiento-tecnologico.png\" data-orig-src=\"https:\/\/abayanalistas.net\/es\/wp-content\/uploads\/la-economia-social-emprendimiento-tecnologico.png\" class=\"lazyload img-responsive wp-image-3426\" srcset=\"data:image\/svg+xml,%3Csvg%20xmlns%3D%27http%3A%2F%2Fwww.w3.org%2F2000%2Fsvg%27%20width%3D%27697%27%20height%3D%27652%27%20viewBox%3D%270%200%20697%20652%27%3E%3Crect%20width%3D%27697%27%20height%3D%27652%27%20fill-opacity%3D%220%22%2F%3E%3C%2Fsvg%3E\" data-srcset=\"https:\/\/abayanalistas.net\/es\/wp-content\/uploads\/la-economia-social-emprendimiento-tecnologico-200x187.png 200w, https:\/\/abayanalistas.net\/es\/wp-content\/uploads\/la-economia-social-emprendimiento-tecnologico-400x374.png 400w, https:\/\/abayanalistas.net\/es\/wp-content\/uploads\/la-economia-social-emprendimiento-tecnologico-600x561.png 600w, https:\/\/abayanalistas.net\/es\/wp-content\/uploads\/la-economia-social-emprendimiento-tecnologico.png 697w\" data-sizes=\"auto\" data-orig-sizes=\"(max-width: 1230px) 100vw, 400px\" \/><\/span><div class=\"fusion-clearfix\"><\/div><\/div><\/div><div class=\"fusion-layout-column fusion_builder_column fusion-builder-column-1 fusion_builder_column_2_3 2_3 fusion-two-third fusion-column-last fusion-column-no-min-height\" style=\"width:66.666666666667%;width:calc(66.666666666667% - ( ( 4% ) * 0.66666666666667 ) );margin-top:0px;margin-bottom:0px;\"><div class=\"fusion-column-wrapper fusion-flex-column-wrapper-legacy\" style=\"background-position:left top;background-repeat:no-repeat;-webkit-background-size:cover;-moz-background-size:cover;-o-background-size:cover;background-size:cover;padding: 0px 0px 0px 0px;\"><div class=\"fusion-text fusion-text-1\"><div data-canvas-width=\"15.744958896325741\">\n<div data-canvas-width=\"15.744958896325741\">MART\u00cdNEZ, M.I., GUILL\u00d3, N. &amp; SANTERO,R. (2019): \u201cLa Econom\u00eda Social en el emprendimiento de base tecnol\u00f3gica en Espa\u00f1a. Un an\u00e1lisis cualitativo\u201d, CIRIEC-Espa\u00f1a, Revista de Econom\u00eda P\u00fablica, Social y Cooperativa,96,65-90. DOI:10.7203\/CIRIEC-E.96. 12969.<\/div>\n<\/div>\n<div data-canvas-width=\"15.744958896325741\"><\/div>\n<div data-canvas-width=\"15.744958896325741\"><\/div>\n<\/div><div class=\"fusion-button-wrapper\"><style type=\"text\/css\">.fusion-button.button-1 {border-radius:0px;}<\/style><a class=\"fusion-button button-flat fusion-button-default-size button-default button-1 fusion-button-default-span fusion-button-default-type\" target=\"_blank\" rel=\"noopener noreferrer\" href=\"https:\/\/abayanalistas.net\/es\/wp-content\/uploads\/La-econom\u00eda-social-en-el-emprendimiento-de-base-tecnol\u00f3gica-en-Espa\u00f1a.-Un-an\u00e1lisis-cualitativo.pdf\"><span class=\"fusion-button-text\">VER PUBLICACI\u00d3N<\/span><\/a><\/div><div class=\"fusion-clearfix\"><\/div><\/div><\/div><\/div><\/div>\n","protected":false},"excerpt":{"rendered":"","protected":false},"author":1,"featured_media":3426,"comment_status":"closed","ping_status":"closed","sticky":false,"template":"","format":"standard","meta":{"footnotes":""},"categories":[52],"tags":[],"yoast_head":"<!-- This site is optimized with the Yoast SEO plugin v24.5 - https:\/\/yoast.com\/wordpress\/plugins\/seo\/ -->\n<title>La Econom\u00eda Social en el emprendimiento de base tecnol\u00f3gica en Espa\u00f1a. Un an\u00e1lisis cualitativo - Abay Analistas<\/title>\n<meta name=\"robots\" content=\"index, follow, max-snippet:-1, max-image-preview:large, max-video-preview:-1\" \/>\n<link rel=\"canonical\" href=\"https:\/\/abayanalistas.net\/es\/la-economia-social-en-el-emprendimiento-de-base-tecnologica-en-espana-un-analisis-cualitativo\/\" \/>\n<meta property=\"og:locale\" content=\"es_ES\" \/>\n<meta property=\"og:type\" content=\"article\" \/>\n<meta property=\"og:title\" content=\"La Econom\u00eda Social en el emprendimiento de base tecnol\u00f3gica en Espa\u00f1a. Un an\u00e1lisis cualitativo - Abay Analistas\" \/>\n<meta property=\"og:url\" content=\"https:\/\/abayanalistas.net\/es\/la-economia-social-en-el-emprendimiento-de-base-tecnologica-en-espana-un-analisis-cualitativo\/\" \/>\n<meta property=\"og:site_name\" content=\"Abay Analistas\" \/>\n<meta property=\"article:published_time\" content=\"2019-07-26T10:30:29+00:00\" \/>\n<meta property=\"article:modified_time\" content=\"2021-04-13T10:03:25+00:00\" \/>\n<meta property=\"og:image\" content=\"https:\/\/abayanalistas.net\/es\/wp-content\/uploads\/la-economia-social-emprendimiento-tecnologico.png\" \/>\n\t<meta property=\"og:image:width\" content=\"697\" \/>\n\t<meta property=\"og:image:height\" content=\"652\" \/>\n\t<meta property=\"og:image:type\" content=\"image\/png\" \/>\n<meta name=\"author\" content=\"Abay\" \/>\n<meta name=\"twitter:card\" content=\"summary_large_image\" \/>\n<meta name=\"twitter:creator\" content=\"@abayanalistas\" \/>\n<meta name=\"twitter:site\" content=\"@abayanalistas\" \/>\n<meta name=\"twitter:label1\" content=\"Escrito por\" \/>\n\t<meta name=\"twitter:data1\" content=\"Abay\" \/>\n\t<meta name=\"twitter:label2\" content=\"Tiempo de lectura\" \/>\n\t<meta name=\"twitter:data2\" content=\"2 minutos\" \/>\n<script type=\"application\/ld+json\" class=\"yoast-schema-graph\">{\"@context\":\"https:\/\/schema.org\",\"@graph\":[{\"@type\":\"Article\",\"@id\":\"https:\/\/abayanalistas.net\/es\/la-economia-social-en-el-emprendimiento-de-base-tecnologica-en-espana-un-analisis-cualitativo\/#article\",\"isPartOf\":{\"@id\":\"https:\/\/abayanalistas.net\/es\/la-economia-social-en-el-emprendimiento-de-base-tecnologica-en-espana-un-analisis-cualitativo\/\"},\"author\":{\"name\":\"Abay\",\"@id\":\"https:\/\/abayanalistas.net\/es\/#\/schema\/person\/e606ae20a7be8e0a0b8a7c999a938b84\"},\"headline\":\"La Econom\u00eda Social en el emprendimiento de base tecnol\u00f3gica en Espa\u00f1a. Un an\u00e1lisis cualitativo\",\"datePublished\":\"2019-07-26T10:30:29+00:00\",\"dateModified\":\"2021-04-13T10:03:25+00:00\",\"mainEntityOfPage\":{\"@id\":\"https:\/\/abayanalistas.net\/es\/la-economia-social-en-el-emprendimiento-de-base-tecnologica-en-espana-un-analisis-cualitativo\/\"},\"wordCount\":431,\"publisher\":{\"@id\":\"https:\/\/abayanalistas.net\/es\/#organization\"},\"image\":{\"@id\":\"https:\/\/abayanalistas.net\/es\/la-economia-social-en-el-emprendimiento-de-base-tecnologica-en-espana-un-analisis-cualitativo\/#primaryimage\"},\"thumbnailUrl\":\"https:\/\/abayanalistas.net\/es\/wp-content\/uploads\/la-economia-social-emprendimiento-tecnologico.png\",\"articleSection\":[\"Revistas Acad\u00e9micas\"],\"inLanguage\":\"es\"},{\"@type\":\"WebPage\",\"@id\":\"https:\/\/abayanalistas.net\/es\/la-economia-social-en-el-emprendimiento-de-base-tecnologica-en-espana-un-analisis-cualitativo\/\",\"url\":\"https:\/\/abayanalistas.net\/es\/la-economia-social-en-el-emprendimiento-de-base-tecnologica-en-espana-un-analisis-cualitativo\/\",\"name\":\"La Econom\u00eda Social en el emprendimiento de base tecnol\u00f3gica en Espa\u00f1a. Un an\u00e1lisis cualitativo - Abay Analistas\",\"isPartOf\":{\"@id\":\"https:\/\/abayanalistas.net\/es\/#website\"},\"primaryImageOfPage\":{\"@id\":\"https:\/\/abayanalistas.net\/es\/la-economia-social-en-el-emprendimiento-de-base-tecnologica-en-espana-un-analisis-cualitativo\/#primaryimage\"},\"image\":{\"@id\":\"https:\/\/abayanalistas.net\/es\/la-economia-social-en-el-emprendimiento-de-base-tecnologica-en-espana-un-analisis-cualitativo\/#primaryimage\"},\"thumbnailUrl\":\"https:\/\/abayanalistas.net\/es\/wp-content\/uploads\/la-economia-social-emprendimiento-tecnologico.png\",\"datePublished\":\"2019-07-26T10:30:29+00:00\",\"dateModified\":\"2021-04-13T10:03:25+00:00\",\"breadcrumb\":{\"@id\":\"https:\/\/abayanalistas.net\/es\/la-economia-social-en-el-emprendimiento-de-base-tecnologica-en-espana-un-analisis-cualitativo\/#breadcrumb\"},\"inLanguage\":\"es\",\"potentialAction\":[{\"@type\":\"ReadAction\",\"target\":[\"https:\/\/abayanalistas.net\/es\/la-economia-social-en-el-emprendimiento-de-base-tecnologica-en-espana-un-analisis-cualitativo\/\"]}]},{\"@type\":\"ImageObject\",\"inLanguage\":\"es\",\"@id\":\"https:\/\/abayanalistas.net\/es\/la-economia-social-en-el-emprendimiento-de-base-tecnologica-en-espana-un-analisis-cualitativo\/#primaryimage\",\"url\":\"https:\/\/abayanalistas.net\/es\/wp-content\/uploads\/la-economia-social-emprendimiento-tecnologico.png\",\"contentUrl\":\"https:\/\/abayanalistas.net\/es\/wp-content\/uploads\/la-economia-social-emprendimiento-tecnologico.png\",\"width\":697,\"height\":652,\"caption\":\"la economia social emprendimiento tecnologico\"},{\"@type\":\"BreadcrumbList\",\"@id\":\"https:\/\/abayanalistas.net\/es\/la-economia-social-en-el-emprendimiento-de-base-tecnologica-en-espana-un-analisis-cualitativo\/#breadcrumb\",\"itemListElement\":[{\"@type\":\"ListItem\",\"position\":1,\"name\":\"Portada\",\"item\":\"https:\/\/abayanalistas.net\/es\/\"},{\"@type\":\"ListItem\",\"position\":2,\"name\":\"La Econom\u00eda Social en el emprendimiento de base tecnol\u00f3gica en Espa\u00f1a. Un an\u00e1lisis cualitativo\"}]},{\"@type\":\"WebSite\",\"@id\":\"https:\/\/abayanalistas.net\/es\/#website\",\"url\":\"https:\/\/abayanalistas.net\/es\/\",\"name\":\"Abay Analistas\",\"description\":\"Analistas econ\u00f3micos y sociales\",\"publisher\":{\"@id\":\"https:\/\/abayanalistas.net\/es\/#organization\"},\"potentialAction\":[{\"@type\":\"SearchAction\",\"target\":{\"@type\":\"EntryPoint\",\"urlTemplate\":\"https:\/\/abayanalistas.net\/es\/?s={search_term_string}\"},\"query-input\":{\"@type\":\"PropertyValueSpecification\",\"valueRequired\":true,\"valueName\":\"search_term_string\"}}],\"inLanguage\":\"es\"},{\"@type\":\"Organization\",\"@id\":\"https:\/\/abayanalistas.net\/es\/#organization\",\"name\":\"Abay Analistas\",\"url\":\"https:\/\/abayanalistas.net\/es\/\",\"logo\":{\"@type\":\"ImageObject\",\"inLanguage\":\"es\",\"@id\":\"https:\/\/abayanalistas.net\/es\/#\/schema\/logo\/image\/\",\"url\":\"https:\/\/i0.wp.com\/abayanalistas.net\/es\/wp-content\/uploads\/Logo_Abay_Retina.png?fit=280%2C96&ssl=1\",\"contentUrl\":\"https:\/\/i0.wp.com\/abayanalistas.net\/es\/wp-content\/uploads\/Logo_Abay_Retina.png?fit=280%2C96&ssl=1\",\"width\":280,\"height\":96,\"caption\":\"Abay Analistas\"},\"image\":{\"@id\":\"https:\/\/abayanalistas.net\/es\/#\/schema\/logo\/image\/\"},\"sameAs\":[\"https:\/\/x.com\/abayanalistas\",\"https:\/\/www.linkedin.com\/company\/abay-analistas?trk=biz-companies-cym\"]},{\"@type\":\"Person\",\"@id\":\"https:\/\/abayanalistas.net\/es\/#\/schema\/person\/e606ae20a7be8e0a0b8a7c999a938b84\",\"name\":\"Abay\"}]}<\/script>\n<!-- \/ Yoast SEO plugin. -->","yoast_head_json":{"title":"La Econom\u00eda Social en el emprendimiento de base tecnol\u00f3gica en Espa\u00f1a. Un an\u00e1lisis cualitativo - Abay Analistas","robots":{"index":"index","follow":"follow","max-snippet":"max-snippet:-1","max-image-preview":"max-image-preview:large","max-video-preview":"max-video-preview:-1"},"canonical":"https:\/\/abayanalistas.net\/es\/la-economia-social-en-el-emprendimiento-de-base-tecnologica-en-espana-un-analisis-cualitativo\/","og_locale":"es_ES","og_type":"article","og_title":"La Econom\u00eda Social en el emprendimiento de base tecnol\u00f3gica en Espa\u00f1a. Un an\u00e1lisis cualitativo - Abay Analistas","og_url":"https:\/\/abayanalistas.net\/es\/la-economia-social-en-el-emprendimiento-de-base-tecnologica-en-espana-un-analisis-cualitativo\/","og_site_name":"Abay Analistas","article_published_time":"2019-07-26T10:30:29+00:00","article_modified_time":"2021-04-13T10:03:25+00:00","og_image":[{"width":697,"height":652,"url":"https:\/\/abayanalistas.net\/es\/wp-content\/uploads\/la-economia-social-emprendimiento-tecnologico.png","type":"image\/png"}],"author":"Abay","twitter_card":"summary_large_image","twitter_creator":"@abayanalistas","twitter_site":"@abayanalistas","twitter_misc":{"Escrito por":"Abay","Tiempo de lectura":"2 minutos"},"schema":{"@context":"https:\/\/schema.org","@graph":[{"@type":"Article","@id":"https:\/\/abayanalistas.net\/es\/la-economia-social-en-el-emprendimiento-de-base-tecnologica-en-espana-un-analisis-cualitativo\/#article","isPartOf":{"@id":"https:\/\/abayanalistas.net\/es\/la-economia-social-en-el-emprendimiento-de-base-tecnologica-en-espana-un-analisis-cualitativo\/"},"author":{"name":"Abay","@id":"https:\/\/abayanalistas.net\/es\/#\/schema\/person\/e606ae20a7be8e0a0b8a7c999a938b84"},"headline":"La Econom\u00eda Social en el emprendimiento de base tecnol\u00f3gica en Espa\u00f1a. Un an\u00e1lisis cualitativo","datePublished":"2019-07-26T10:30:29+00:00","dateModified":"2021-04-13T10:03:25+00:00","mainEntityOfPage":{"@id":"https:\/\/abayanalistas.net\/es\/la-economia-social-en-el-emprendimiento-de-base-tecnologica-en-espana-un-analisis-cualitativo\/"},"wordCount":431,"publisher":{"@id":"https:\/\/abayanalistas.net\/es\/#organization"},"image":{"@id":"https:\/\/abayanalistas.net\/es\/la-economia-social-en-el-emprendimiento-de-base-tecnologica-en-espana-un-analisis-cualitativo\/#primaryimage"},"thumbnailUrl":"https:\/\/abayanalistas.net\/es\/wp-content\/uploads\/la-economia-social-emprendimiento-tecnologico.png","articleSection":["Revistas Acad\u00e9micas"],"inLanguage":"es"},{"@type":"WebPage","@id":"https:\/\/abayanalistas.net\/es\/la-economia-social-en-el-emprendimiento-de-base-tecnologica-en-espana-un-analisis-cualitativo\/","url":"https:\/\/abayanalistas.net\/es\/la-economia-social-en-el-emprendimiento-de-base-tecnologica-en-espana-un-analisis-cualitativo\/","name":"La Econom\u00eda Social en el emprendimiento de base tecnol\u00f3gica en Espa\u00f1a. Un an\u00e1lisis cualitativo - Abay Analistas","isPartOf":{"@id":"https:\/\/abayanalistas.net\/es\/#website"},"primaryImageOfPage":{"@id":"https:\/\/abayanalistas.net\/es\/la-economia-social-en-el-emprendimiento-de-base-tecnologica-en-espana-un-analisis-cualitativo\/#primaryimage"},"image":{"@id":"https:\/\/abayanalistas.net\/es\/la-economia-social-en-el-emprendimiento-de-base-tecnologica-en-espana-un-analisis-cualitativo\/#primaryimage"},"thumbnailUrl":"https:\/\/abayanalistas.net\/es\/wp-content\/uploads\/la-economia-social-emprendimiento-tecnologico.png","datePublished":"2019-07-26T10:30:29+00:00","dateModified":"2021-04-13T10:03:25+00:00","breadcrumb":{"@id":"https:\/\/abayanalistas.net\/es\/la-economia-social-en-el-emprendimiento-de-base-tecnologica-en-espana-un-analisis-cualitativo\/#breadcrumb"},"inLanguage":"es","potentialAction":[{"@type":"ReadAction","target":["https:\/\/abayanalistas.net\/es\/la-economia-social-en-el-emprendimiento-de-base-tecnologica-en-espana-un-analisis-cualitativo\/"]}]},{"@type":"ImageObject","inLanguage":"es","@id":"https:\/\/abayanalistas.net\/es\/la-economia-social-en-el-emprendimiento-de-base-tecnologica-en-espana-un-analisis-cualitativo\/#primaryimage","url":"https:\/\/abayanalistas.net\/es\/wp-content\/uploads\/la-economia-social-emprendimiento-tecnologico.png","contentUrl":"https:\/\/abayanalistas.net\/es\/wp-content\/uploads\/la-economia-social-emprendimiento-tecnologico.png","width":697,"height":652,"caption":"la economia social emprendimiento tecnologico"},{"@type":"BreadcrumbList","@id":"https:\/\/abayanalistas.net\/es\/la-economia-social-en-el-emprendimiento-de-base-tecnologica-en-espana-un-analisis-cualitativo\/#breadcrumb","itemListElement":[{"@type":"ListItem","position":1,"name":"Portada","item":"https:\/\/abayanalistas.net\/es\/"},{"@type":"ListItem","position":2,"name":"La Econom\u00eda Social en el emprendimiento de base tecnol\u00f3gica en Espa\u00f1a. Un an\u00e1lisis cualitativo"}]},{"@type":"WebSite","@id":"https:\/\/abayanalistas.net\/es\/#website","url":"https:\/\/abayanalistas.net\/es\/","name":"Abay Analistas","description":"Analistas econ\u00f3micos y sociales","publisher":{"@id":"https:\/\/abayanalistas.net\/es\/#organization"},"potentialAction":[{"@type":"SearchAction","target":{"@type":"EntryPoint","urlTemplate":"https:\/\/abayanalistas.net\/es\/?s={search_term_string}"},"query-input":{"@type":"PropertyValueSpecification","valueRequired":true,"valueName":"search_term_string"}}],"inLanguage":"es"},{"@type":"Organization","@id":"https:\/\/abayanalistas.net\/es\/#organization","name":"Abay Analistas","url":"https:\/\/abayanalistas.net\/es\/","logo":{"@type":"ImageObject","inLanguage":"es","@id":"https:\/\/abayanalistas.net\/es\/#\/schema\/logo\/image\/","url":"https:\/\/i0.wp.com\/abayanalistas.net\/es\/wp-content\/uploads\/Logo_Abay_Retina.png?fit=280%2C96&ssl=1","contentUrl":"https:\/\/i0.wp.com\/abayanalistas.net\/es\/wp-content\/uploads\/Logo_Abay_Retina.png?fit=280%2C96&ssl=1","width":280,"height":96,"caption":"Abay Analistas"},"image":{"@id":"https:\/\/abayanalistas.net\/es\/#\/schema\/logo\/image\/"},"sameAs":["https:\/\/x.com\/abayanalistas","https:\/\/www.linkedin.com\/company\/abay-analistas?trk=biz-companies-cym"]},{"@type":"Person","@id":"https:\/\/abayanalistas.net\/es\/#\/schema\/person\/e606ae20a7be8e0a0b8a7c999a938b84","name":"Abay"}]}},"_links":{"self":[{"href":"https:\/\/abayanalistas.net\/es\/wp-json\/wp\/v2\/posts\/3432"}],"collection":[{"href":"https:\/\/abayanalistas.net\/es\/wp-json\/wp\/v2\/posts"}],"about":[{"href":"https:\/\/abayanalistas.net\/es\/wp-json\/wp\/v2\/types\/post"}],"author":[{"embeddable":true,"href":"https:\/\/abayanalistas.net\/es\/wp-json\/wp\/v2\/users\/1"}],"replies":[{"embeddable":true,"href":"https:\/\/abayanalistas.net\/es\/wp-json\/wp\/v2\/comments?post=3432"}],"version-history":[{"count":2,"href":"https:\/\/abayanalistas.net\/es\/wp-json\/wp\/v2\/posts\/3432\/revisions"}],"predecessor-version":[{"id":3434,"href":"https:\/\/abayanalistas.net\/es\/wp-json\/wp\/v2\/posts\/3432\/revisions\/3434"}],"wp:featuredmedia":[{"embeddable":true,"href":"https:\/\/abayanalistas.net\/es\/wp-json\/wp\/v2\/media\/3426"}],"wp:attachment":[{"href":"https:\/\/abayanalistas.net\/es\/wp-json\/wp\/v2\/media?parent=3432"}],"wp:term":[{"taxonomy":"category","embeddable":true,"href":"https:\/\/abayanalistas.net\/es\/wp-json\/wp\/v2\/categories?post=3432"},{"taxonomy":"post_tag","embeddable":true,"href":"https:\/\/abayanalistas.net\/es\/wp-json\/wp\/v2\/tags?post=3432"}],"curies":[{"name":"wp","href":"https:\/\/api.w.org\/{rel}","templated":true}]}}