{"id":2253,"date":"2012-04-08T12:45:54","date_gmt":"2012-04-08T12:45:54","guid":{"rendered":"https:\/\/abayanalistas.net\/es\/?p=2253"},"modified":"2021-04-13T10:03:31","modified_gmt":"2021-04-13T10:03:31","slug":"entrevista-a-maribel-martinez-sobre-empleo-verde","status":"publish","type":"post","link":"https:\/\/abayanalistas.net\/es\/entrevista-a-maribel-martinez-sobre-empleo-verde\/","title":{"rendered":"Entrevista a Maribel Mart\u00ednez sobre empleo verde publicada en los medios del grupo Vocento"},"content":{"rendered":"<p><div class=\"fusion-fullwidth fullwidth-box fusion-builder-row-1 nonhundred-percent-fullwidth non-hundred-percent-height-scrolling\" style=\"background-color: rgba(255,255,255,0);background-position: left top;background-repeat: no-repeat;padding-top:20px;padding-right:0px;padding-bottom:20px;padding-left:0px;margin-bottom: 0px;margin-top: 0px;border-width: 0px 0px 0px 0px;border-color:#eae9e9;border-style:solid;\" ><div class=\"fusion-builder-row fusion-row\"><div class=\"fusion-layout-column fusion_builder_column fusion-builder-column-0 fusion_builder_column_1_1 1_1 fusion-one-full fusion-column-first fusion-column-last fusion-column-no-min-height\" style=\"margin-top:0px;margin-bottom:0px;\"><div class=\"fusion-column-wrapper fusion-flex-column-wrapper-legacy\" style=\"background-position:left top;background-repeat:no-repeat;-webkit-background-size:cover;-moz-background-size:cover;-o-background-size:cover;background-size:cover;padding: 0px 0px 0px 0px;\"><div class=\"fusion-text fusion-text-1\"><h3 class=\"headline\">lasprovincias.es<\/h3>\n<h4 class=\"headline\">Los expertos creen en las renovables<\/h4>\n<p>El pasado 27 de enero, el Consejo de Ministros aprob\u00f3 paralizar temporalmente la concesi\u00f3n de ayudas a la producci\u00f3n el\u00e9ctrica de energ\u00edas renovables. Unos d\u00edas despu\u00e9s, Acciona, compa\u00f1\u00eda l\u00edder del sector, anunci\u00f3 la paralizaci\u00f3n de sus inversiones en este tipo de instalaciones en Espa\u00f1a ante esta moratoria. Con todo, los expertos consultados a\u00fan estiman que tanto este negocio como el de la eficiencia energ\u00e9tica ser\u00e1n los m\u00e1s din\u00e1micos en creaci\u00f3n de empleo a medio plazo.<\/p>\n<\/div><div class=\"fusion-button-wrapper\"><style type=\"text\/css\">.fusion-button.button-1 {border-radius:0px;}<\/style><a class=\"fusion-button button-flat fusion-button-default-size button-default button-1 fusion-button-default-span fusion-button-default-type\" target=\"_blank\" rel=\"noopener noreferrer\" href=\"http:\/\/www.lasprovincias.es\/v\/20120408\/dinero\/expertos-creen-renovables-20120408.html\"><span class=\"fusion-button-text\">VER NOTICIA<\/span><\/a><\/div><div class=\"fusion-sep-clear\"><\/div><div class=\"fusion-separator fusion-full-width-sep\" style=\"margin-left: auto;margin-right: auto;margin-top:25px;margin-bottom:25px;width:100%;\"><div class=\"fusion-separator-border sep-single sep-solid\" style=\"border-color:#dbdbdb;border-top-width:1px;\"><\/div><\/div><div class=\"fusion-sep-clear\"><\/div><div class=\"fusion-text fusion-text-2\"><h3>ABC<\/h3>\n<h4>El \u00abempleo verde\u00bb espa\u00f1ol no evade la crisis<\/h4>\n<p>Esta semana, la Comisi\u00f3n Europea augur\u00f3 la creaci\u00f3n de dos millones de empleos verdes hasta 2014 en el seno de los estados miembros. Sin duda, unos datos esperanzadores que, probablemente, por Espa\u00f1a pasen de largo. \u00abRealizar proyecciones de empleo en este momento es realmente dif\u00edcil porque el escenario es muy complejo y cambiante\u00bb, explicaMaribel Mart\u00ednez, profesora de EOI Escuela de Organizaci\u00f3n Industrial y socia de la consultora Abay Analistas. Tras esta afirmaci\u00f3n, surgen algunas dudas.<\/p>\n<\/div><div class=\"fusion-clearfix\"><\/div><\/div><\/div><\/div><\/div><div class=\"fusion-fullwidth fullwidth-box fusion-builder-row-2 hundred-percent-fullwidth non-hundred-percent-height-scrolling\" style=\"background-color: rgba(255,255,255,0);background-position: center center;background-repeat: no-repeat;padding-top:0px;padding-right:0px;padding-bottom:0px;padding-left:0px;margin-bottom: 0px;margin-top: 0px;border-width: 0px 0px 0px 0px;border-color:#eae9e9;border-style:solid;\" ><div class=\"fusion-builder-row fusion-row\"><div class=\"fusion-layout-column fusion_builder_column fusion-builder-column-1 fusion_builder_column_1_1 1_1 fusion-one-full fusion-column-first fusion-column-last fusion-column-no-min-height\" style=\"margin-top:0px;margin-bottom:0px;\"><div class=\"fusion-column-wrapper fusion-flex-column-wrapper-legacy\" style=\"background-position:left top;background-repeat:no-repeat;-webkit-background-size:cover;-moz-background-size:cover;-o-background-size:cover;background-size:cover;padding: 0px 0px 0px 0px;\"><div class=\"fusion-button-wrapper\"><style type=\"text\/css\">.fusion-button.button-2 {border-radius:0px;}<\/style><a class=\"fusion-button button-flat fusion-button-default-size button-default button-2 fusion-button-default-span fusion-button-default-type\" target=\"_blank\" rel=\"noopener noreferrer\" href=\"https:\/\/abayanalistas.net\/es\/wp-content\/uploads\/informes\/ABC-Empresa 08_04_2012.pdf\"><span class=\"fusion-button-text\">VER ART\u00cdCULO<\/span><\/a><\/div><div class=\"fusion-clearfix\"><\/div><\/div><\/div><\/div><style type=\"text\/css\">.fusion-fullwidth.fusion-builder-row-2 { overflow:visible; }<\/style><\/div><\/p>\n","protected":false},"excerpt":{"rendered":"","protected":false},"author":1,"featured_media":2258,"comment_status":"closed","ping_status":"closed","sticky":false,"template":"","format":"standard","meta":{"footnotes":""},"categories":[51,50],"tags":[],"yoast_head":"<!-- This site is optimized with the Yoast SEO plugin v24.5 - https:\/\/yoast.com\/wordpress\/plugins\/seo\/ -->\n<title>Entrevista a Maribel Mart\u00ednez sobre empleo verde publicada en los medios del grupo Vocento - Abay Analistas<\/title>\n<meta name=\"description\" content=\"El pasado 27 de enero, el Consejo de Ministros aprob\u00f3 paralizar temporalmente la concesi\u00f3n de ayudas a la producci\u00f3n el\u00e9ctrica de energ\u00edas renovables.\" \/>\n<meta name=\"robots\" content=\"index, follow, max-snippet:-1, max-image-preview:large, max-video-preview:-1\" \/>\n<link rel=\"canonical\" href=\"https:\/\/abayanalistas.net\/es\/entrevista-a-maribel-martinez-sobre-empleo-verde\/\" \/>\n<meta property=\"og:locale\" content=\"es_ES\" \/>\n<meta property=\"og:type\" content=\"article\" \/>\n<meta property=\"og:title\" content=\"Entrevista a Maribel Mart\u00ednez sobre empleo verde publicada en los medios del grupo Vocento - Abay Analistas\" \/>\n<meta property=\"og:description\" content=\"El pasado 27 de enero, el Consejo de Ministros aprob\u00f3 paralizar temporalmente la concesi\u00f3n de ayudas a la producci\u00f3n el\u00e9ctrica de energ\u00edas renovables.\" \/>\n<meta property=\"og:url\" content=\"https:\/\/abayanalistas.net\/es\/entrevista-a-maribel-martinez-sobre-empleo-verde\/\" \/>\n<meta property=\"og:site_name\" content=\"Abay Analistas\" \/>\n<meta property=\"article:published_time\" content=\"2012-04-08T12:45:54+00:00\" \/>\n<meta property=\"article:modified_time\" content=\"2021-04-13T10:03:31+00:00\" \/>\n<meta property=\"og:image\" content=\"https:\/\/abayanalistas.net\/es\/wp-content\/uploads\/ABC-Empresa-08_04_2012.jpg\" \/>\n\t<meta property=\"og:image:width\" content=\"900\" \/>\n\t<meta property=\"og:image:height\" content=\"839\" \/>\n\t<meta property=\"og:image:type\" content=\"image\/jpeg\" \/>\n<meta name=\"author\" content=\"Abay\" \/>\n<meta name=\"twitter:card\" content=\"summary_large_image\" \/>\n<meta name=\"twitter:creator\" content=\"@abayanalistas\" \/>\n<meta name=\"twitter:site\" content=\"@abayanalistas\" \/>\n<meta name=\"twitter:label1\" content=\"Escrito por\" \/>\n\t<meta name=\"twitter:data1\" content=\"Abay\" \/>\n\t<meta name=\"twitter:label2\" content=\"Tiempo de lectura\" \/>\n\t<meta name=\"twitter:data2\" content=\"3 minutos\" \/>\n<script type=\"application\/ld+json\" class=\"yoast-schema-graph\">{\"@context\":\"https:\/\/schema.org\",\"@graph\":[{\"@type\":\"Article\",\"@id\":\"https:\/\/abayanalistas.net\/es\/entrevista-a-maribel-martinez-sobre-empleo-verde\/#article\",\"isPartOf\":{\"@id\":\"https:\/\/abayanalistas.net\/es\/entrevista-a-maribel-martinez-sobre-empleo-verde\/\"},\"author\":{\"name\":\"Abay\",\"@id\":\"https:\/\/abayanalistas.net\/es\/#\/schema\/person\/e606ae20a7be8e0a0b8a7c999a938b84\"},\"headline\":\"Entrevista a Maribel Mart\u00ednez sobre empleo verde publicada en los medios del grupo Vocento\",\"datePublished\":\"2012-04-08T12:45:54+00:00\",\"dateModified\":\"2021-04-13T10:03:31+00:00\",\"mainEntityOfPage\":{\"@id\":\"https:\/\/abayanalistas.net\/es\/entrevista-a-maribel-martinez-sobre-empleo-verde\/\"},\"wordCount\":566,\"publisher\":{\"@id\":\"https:\/\/abayanalistas.net\/es\/#organization\"},\"image\":{\"@id\":\"https:\/\/abayanalistas.net\/es\/entrevista-a-maribel-martinez-sobre-empleo-verde\/#primaryimage\"},\"thumbnailUrl\":\"https:\/\/abayanalistas.net\/es\/wp-content\/uploads\/ABC-Empresa-08_04_2012.jpg\",\"articleSection\":[\"Art\u00edculos en revistas\",\"Noticia\"],\"inLanguage\":\"es\"},{\"@type\":\"WebPage\",\"@id\":\"https:\/\/abayanalistas.net\/es\/entrevista-a-maribel-martinez-sobre-empleo-verde\/\",\"url\":\"https:\/\/abayanalistas.net\/es\/entrevista-a-maribel-martinez-sobre-empleo-verde\/\",\"name\":\"Entrevista a Maribel Mart\u00ednez sobre empleo verde publicada en los medios del grupo Vocento - Abay Analistas\",\"isPartOf\":{\"@id\":\"https:\/\/abayanalistas.net\/es\/#website\"},\"primaryImageOfPage\":{\"@id\":\"https:\/\/abayanalistas.net\/es\/entrevista-a-maribel-martinez-sobre-empleo-verde\/#primaryimage\"},\"image\":{\"@id\":\"https:\/\/abayanalistas.net\/es\/entrevista-a-maribel-martinez-sobre-empleo-verde\/#primaryimage\"},\"thumbnailUrl\":\"https:\/\/abayanalistas.net\/es\/wp-content\/uploads\/ABC-Empresa-08_04_2012.jpg\",\"datePublished\":\"2012-04-08T12:45:54+00:00\",\"dateModified\":\"2021-04-13T10:03:31+00:00\",\"description\":\"El pasado 27 de enero, el Consejo de Ministros aprob\u00f3 paralizar temporalmente la concesi\u00f3n de ayudas a la producci\u00f3n el\u00e9ctrica de energ\u00edas renovables.\",\"breadcrumb\":{\"@id\":\"https:\/\/abayanalistas.net\/es\/entrevista-a-maribel-martinez-sobre-empleo-verde\/#breadcrumb\"},\"inLanguage\":\"es\",\"potentialAction\":[{\"@type\":\"ReadAction\",\"target\":[\"https:\/\/abayanalistas.net\/es\/entrevista-a-maribel-martinez-sobre-empleo-verde\/\"]}]},{\"@type\":\"ImageObject\",\"inLanguage\":\"es\",\"@id\":\"https:\/\/abayanalistas.net\/es\/entrevista-a-maribel-martinez-sobre-empleo-verde\/#primaryimage\",\"url\":\"https:\/\/abayanalistas.net\/es\/wp-content\/uploads\/ABC-Empresa-08_04_2012.jpg\",\"contentUrl\":\"https:\/\/abayanalistas.net\/es\/wp-content\/uploads\/ABC-Empresa-08_04_2012.jpg\",\"width\":900,\"height\":839,\"caption\":\"ABC Empresa 08 04 2012\"},{\"@type\":\"BreadcrumbList\",\"@id\":\"https:\/\/abayanalistas.net\/es\/entrevista-a-maribel-martinez-sobre-empleo-verde\/#breadcrumb\",\"itemListElement\":[{\"@type\":\"ListItem\",\"position\":1,\"name\":\"Portada\",\"item\":\"https:\/\/abayanalistas.net\/es\/\"},{\"@type\":\"ListItem\",\"position\":2,\"name\":\"Entrevista a Maribel Mart\u00ednez sobre empleo verde publicada en los medios del grupo Vocento\"}]},{\"@type\":\"WebSite\",\"@id\":\"https:\/\/abayanalistas.net\/es\/#website\",\"url\":\"https:\/\/abayanalistas.net\/es\/\",\"name\":\"Abay Analistas\",\"description\":\"Analistas econ\u00f3micos y sociales\",\"publisher\":{\"@id\":\"https:\/\/abayanalistas.net\/es\/#organization\"},\"potentialAction\":[{\"@type\":\"SearchAction\",\"target\":{\"@type\":\"EntryPoint\",\"urlTemplate\":\"https:\/\/abayanalistas.net\/es\/?s={search_term_string}\"},\"query-input\":{\"@type\":\"PropertyValueSpecification\",\"valueRequired\":true,\"valueName\":\"search_term_string\"}}],\"inLanguage\":\"es\"},{\"@type\":\"Organization\",\"@id\":\"https:\/\/abayanalistas.net\/es\/#organization\",\"name\":\"Abay Analistas\",\"url\":\"https:\/\/abayanalistas.net\/es\/\",\"logo\":{\"@type\":\"ImageObject\",\"inLanguage\":\"es\",\"@id\":\"https:\/\/abayanalistas.net\/es\/#\/schema\/logo\/image\/\",\"url\":\"https:\/\/i0.wp.com\/abayanalistas.net\/es\/wp-content\/uploads\/Logo_Abay_Retina.png?fit=280%2C96&ssl=1\",\"contentUrl\":\"https:\/\/i0.wp.com\/abayanalistas.net\/es\/wp-content\/uploads\/Logo_Abay_Retina.png?fit=280%2C96&ssl=1\",\"width\":280,\"height\":96,\"caption\":\"Abay Analistas\"},\"image\":{\"@id\":\"https:\/\/abayanalistas.net\/es\/#\/schema\/logo\/image\/\"},\"sameAs\":[\"https:\/\/x.com\/abayanalistas\",\"https:\/\/www.linkedin.com\/company\/abay-analistas?trk=biz-companies-cym\"]},{\"@type\":\"Person\",\"@id\":\"https:\/\/abayanalistas.net\/es\/#\/schema\/person\/e606ae20a7be8e0a0b8a7c999a938b84\",\"name\":\"Abay\"}]}<\/script>\n<!-- \/ Yoast SEO plugin. -->","yoast_head_json":{"title":"Entrevista a Maribel Mart\u00ednez sobre empleo verde publicada en los medios del grupo Vocento - Abay Analistas","description":"El pasado 27 de enero, el Consejo de Ministros aprob\u00f3 paralizar temporalmente la concesi\u00f3n de ayudas a la producci\u00f3n el\u00e9ctrica de energ\u00edas renovables.","robots":{"index":"index","follow":"follow","max-snippet":"max-snippet:-1","max-image-preview":"max-image-preview:large","max-video-preview":"max-video-preview:-1"},"canonical":"https:\/\/abayanalistas.net\/es\/entrevista-a-maribel-martinez-sobre-empleo-verde\/","og_locale":"es_ES","og_type":"article","og_title":"Entrevista a Maribel Mart\u00ednez sobre empleo verde publicada en los medios del grupo Vocento - Abay Analistas","og_description":"El pasado 27 de enero, el Consejo de Ministros aprob\u00f3 paralizar temporalmente la concesi\u00f3n de ayudas a la producci\u00f3n el\u00e9ctrica de energ\u00edas renovables.","og_url":"https:\/\/abayanalistas.net\/es\/entrevista-a-maribel-martinez-sobre-empleo-verde\/","og_site_name":"Abay Analistas","article_published_time":"2012-04-08T12:45:54+00:00","article_modified_time":"2021-04-13T10:03:31+00:00","og_image":[{"width":900,"height":839,"url":"https:\/\/abayanalistas.net\/es\/wp-content\/uploads\/ABC-Empresa-08_04_2012.jpg","type":"image\/jpeg"}],"author":"Abay","twitter_card":"summary_large_image","twitter_creator":"@abayanalistas","twitter_site":"@abayanalistas","twitter_misc":{"Escrito por":"Abay","Tiempo de lectura":"3 minutos"},"schema":{"@context":"https:\/\/schema.org","@graph":[{"@type":"Article","@id":"https:\/\/abayanalistas.net\/es\/entrevista-a-maribel-martinez-sobre-empleo-verde\/#article","isPartOf":{"@id":"https:\/\/abayanalistas.net\/es\/entrevista-a-maribel-martinez-sobre-empleo-verde\/"},"author":{"name":"Abay","@id":"https:\/\/abayanalistas.net\/es\/#\/schema\/person\/e606ae20a7be8e0a0b8a7c999a938b84"},"headline":"Entrevista a Maribel Mart\u00ednez sobre empleo verde publicada en los medios del grupo Vocento","datePublished":"2012-04-08T12:45:54+00:00","dateModified":"2021-04-13T10:03:31+00:00","mainEntityOfPage":{"@id":"https:\/\/abayanalistas.net\/es\/entrevista-a-maribel-martinez-sobre-empleo-verde\/"},"wordCount":566,"publisher":{"@id":"https:\/\/abayanalistas.net\/es\/#organization"},"image":{"@id":"https:\/\/abayanalistas.net\/es\/entrevista-a-maribel-martinez-sobre-empleo-verde\/#primaryimage"},"thumbnailUrl":"https:\/\/abayanalistas.net\/es\/wp-content\/uploads\/ABC-Empresa-08_04_2012.jpg","articleSection":["Art\u00edculos en revistas","Noticia"],"inLanguage":"es"},{"@type":"WebPage","@id":"https:\/\/abayanalistas.net\/es\/entrevista-a-maribel-martinez-sobre-empleo-verde\/","url":"https:\/\/abayanalistas.net\/es\/entrevista-a-maribel-martinez-sobre-empleo-verde\/","name":"Entrevista a Maribel Mart\u00ednez sobre empleo verde publicada en los medios del grupo Vocento - Abay Analistas","isPartOf":{"@id":"https:\/\/abayanalistas.net\/es\/#website"},"primaryImageOfPage":{"@id":"https:\/\/abayanalistas.net\/es\/entrevista-a-maribel-martinez-sobre-empleo-verde\/#primaryimage"},"image":{"@id":"https:\/\/abayanalistas.net\/es\/entrevista-a-maribel-martinez-sobre-empleo-verde\/#primaryimage"},"thumbnailUrl":"https:\/\/abayanalistas.net\/es\/wp-content\/uploads\/ABC-Empresa-08_04_2012.jpg","datePublished":"2012-04-08T12:45:54+00:00","dateModified":"2021-04-13T10:03:31+00:00","description":"El pasado 27 de enero, el Consejo de Ministros aprob\u00f3 paralizar temporalmente la concesi\u00f3n de ayudas a la producci\u00f3n el\u00e9ctrica de energ\u00edas renovables.","breadcrumb":{"@id":"https:\/\/abayanalistas.net\/es\/entrevista-a-maribel-martinez-sobre-empleo-verde\/#breadcrumb"},"inLanguage":"es","potentialAction":[{"@type":"ReadAction","target":["https:\/\/abayanalistas.net\/es\/entrevista-a-maribel-martinez-sobre-empleo-verde\/"]}]},{"@type":"ImageObject","inLanguage":"es","@id":"https:\/\/abayanalistas.net\/es\/entrevista-a-maribel-martinez-sobre-empleo-verde\/#primaryimage","url":"https:\/\/abayanalistas.net\/es\/wp-content\/uploads\/ABC-Empresa-08_04_2012.jpg","contentUrl":"https:\/\/abayanalistas.net\/es\/wp-content\/uploads\/ABC-Empresa-08_04_2012.jpg","width":900,"height":839,"caption":"ABC Empresa 08 04 2012"},{"@type":"BreadcrumbList","@id":"https:\/\/abayanalistas.net\/es\/entrevista-a-maribel-martinez-sobre-empleo-verde\/#breadcrumb","itemListElement":[{"@type":"ListItem","position":1,"name":"Portada","item":"https:\/\/abayanalistas.net\/es\/"},{"@type":"ListItem","position":2,"name":"Entrevista a Maribel Mart\u00ednez sobre empleo verde publicada en los medios del grupo Vocento"}]},{"@type":"WebSite","@id":"https:\/\/abayanalistas.net\/es\/#website","url":"https:\/\/abayanalistas.net\/es\/","name":"Abay Analistas","description":"Analistas econ\u00f3micos y sociales","publisher":{"@id":"https:\/\/abayanalistas.net\/es\/#organization"},"potentialAction":[{"@type":"SearchAction","target":{"@type":"EntryPoint","urlTemplate":"https:\/\/abayanalistas.net\/es\/?s={search_term_string}"},"query-input":{"@type":"PropertyValueSpecification","valueRequired":true,"valueName":"search_term_string"}}],"inLanguage":"es"},{"@type":"Organization","@id":"https:\/\/abayanalistas.net\/es\/#organization","name":"Abay Analistas","url":"https:\/\/abayanalistas.net\/es\/","logo":{"@type":"ImageObject","inLanguage":"es","@id":"https:\/\/abayanalistas.net\/es\/#\/schema\/logo\/image\/","url":"https:\/\/i0.wp.com\/abayanalistas.net\/es\/wp-content\/uploads\/Logo_Abay_Retina.png?fit=280%2C96&ssl=1","contentUrl":"https:\/\/i0.wp.com\/abayanalistas.net\/es\/wp-content\/uploads\/Logo_Abay_Retina.png?fit=280%2C96&ssl=1","width":280,"height":96,"caption":"Abay Analistas"},"image":{"@id":"https:\/\/abayanalistas.net\/es\/#\/schema\/logo\/image\/"},"sameAs":["https:\/\/x.com\/abayanalistas","https:\/\/www.linkedin.com\/company\/abay-analistas?trk=biz-companies-cym"]},{"@type":"Person","@id":"https:\/\/abayanalistas.net\/es\/#\/schema\/person\/e606ae20a7be8e0a0b8a7c999a938b84","name":"Abay"}]}},"_links":{"self":[{"href":"https:\/\/abayanalistas.net\/es\/wp-json\/wp\/v2\/posts\/2253"}],"collection":[{"href":"https:\/\/abayanalistas.net\/es\/wp-json\/wp\/v2\/posts"}],"about":[{"href":"https:\/\/abayanalistas.net\/es\/wp-json\/wp\/v2\/types\/post"}],"author":[{"embeddable":true,"href":"https:\/\/abayanalistas.net\/es\/wp-json\/wp\/v2\/users\/1"}],"replies":[{"embeddable":true,"href":"https:\/\/abayanalistas.net\/es\/wp-json\/wp\/v2\/comments?post=2253"}],"version-history":[{"count":6,"href":"https:\/\/abayanalistas.net\/es\/wp-json\/wp\/v2\/posts\/2253\/revisions"}],"predecessor-version":[{"id":2754,"href":"https:\/\/abayanalistas.net\/es\/wp-json\/wp\/v2\/posts\/2253\/revisions\/2754"}],"wp:featuredmedia":[{"embeddable":true,"href":"https:\/\/abayanalistas.net\/es\/wp-json\/wp\/v2\/media\/2258"}],"wp:attachment":[{"href":"https:\/\/abayanalistas.net\/es\/wp-json\/wp\/v2\/media?parent=2253"}],"wp:term":[{"taxonomy":"category","embeddable":true,"href":"https:\/\/abayanalistas.net\/es\/wp-json\/wp\/v2\/categories?post=2253"},{"taxonomy":"post_tag","embeddable":true,"href":"https:\/\/abayanalistas.net\/es\/wp-json\/wp\/v2\/tags?post=2253"}],"curies":[{"name":"wp","href":"https:\/\/api.w.org\/{rel}","templated":true}]}}