{"id":2209,"date":"2014-03-26T14:02:44","date_gmt":"2014-03-26T14:02:44","guid":{"rendered":"https:\/\/abayanalistas.net\/es\/?p=2209"},"modified":"2021-04-13T10:03:29","modified_gmt":"2021-04-13T10:03:29","slug":"el-transito-hacia-un-modelo-pesquero-sostenible-y-su-impacto-socioeconomico","status":"publish","type":"post","link":"https:\/\/abayanalistas.net\/es\/el-transito-hacia-un-modelo-pesquero-sostenible-y-su-impacto-socioeconomico\/","title":{"rendered":"El tr\u00e1nsito hacia un modelo pesquero sostenible y su impacto socioecon\u00f3mico"},"content":{"rendered":"<p><div class=\"fusion-fullwidth fullwidth-box fusion-builder-row-1 nonhundred-percent-fullwidth non-hundred-percent-height-scrolling\" style=\"background-color: rgba(255,255,255,0);background-position: left top;background-repeat: no-repeat;padding-top:20px;padding-right:0px;padding-bottom:20px;padding-left:0px;margin-bottom: 0px;margin-top: 0px;border-width: 0px 0px 0px 0px;border-color:#eae9e9;border-style:solid;\" ><div class=\"fusion-builder-row fusion-row\"><div class=\"fusion-layout-column fusion_builder_column fusion-builder-column-0 fusion_builder_column_1_1 1_1 fusion-one-full fusion-column-first fusion-column-last fusion-column-no-min-height\" style=\"margin-top:0px;margin-bottom:0px;\"><div class=\"fusion-column-wrapper fusion-flex-column-wrapper-legacy\" style=\"background-position:left top;background-repeat:no-repeat;-webkit-background-size:cover;-moz-background-size:cover;-o-background-size:cover;background-size:cover;padding: 0px 0px 0px 0px;\"><div class=\"fusion-text fusion-text-1\"><p>\u00abEl tr\u00e1nsito hacia un modelo pesquero sostenible y su impacto socioecon\u00f3mico\u00bb. El post en el <strong>Blog de Econom\u00eda de El Pa\u00eds <\/strong>de nuestro estudio \u00abEmpleo a Bordo. El impacto socioecon\u00f3mico de un modelo pesquero sostenible en Espa\u00f1a\u00bb<\/p>\n<\/div><div class=\"fusion-button-wrapper\"><style type=\"text\/css\">.fusion-button.button-1 {border-radius:0px;}<\/style><a class=\"fusion-button button-flat fusion-button-default-size button-default button-1 fusion-button-default-span fusion-button-default-type\" target=\"_blank\" rel=\"noopener noreferrer\" href=\"http:\/\/blogs.elpais.com\/green-jobs\/2014\/03\/el-tr%C3%A1nsito-hacia-un-modelo-pesquero-sostenible-y-su-impacto-socioecon%C3%B3mico.html\"><span class=\"fusion-button-text\">VER NOTICIA<\/span><\/a><\/div><div class=\"fusion-clearfix\"><\/div><\/div><\/div><\/div><\/div><div class=\"fusion-fullwidth fullwidth-box fusion-builder-row-2 hundred-percent-fullwidth non-hundred-percent-height-scrolling\" style=\"background-color: rgba(255,255,255,0);background-position: center center;background-repeat: no-repeat;padding-top:0px;padding-right:0px;padding-bottom:0px;padding-left:0px;margin-bottom: 0px;margin-top: 0px;border-width: 0px 0px 0px 0px;border-color:#eae9e9;border-style:solid;\" ><div class=\"fusion-builder-row fusion-row\"><div class=\"fusion-layout-column fusion_builder_column fusion-builder-column-1 fusion_builder_column_1_1 1_1 fusion-one-full fusion-column-first fusion-column-last fusion-column-no-min-height\" style=\"margin-top:0px;margin-bottom:0px;\"><div class=\"fusion-column-wrapper fusion-flex-column-wrapper-legacy\" style=\"background-position:left top;background-repeat:no-repeat;-webkit-background-size:cover;-moz-background-size:cover;-o-background-size:cover;background-size:cover;padding: 0px 0px 0px 0px;\"><div class=\"fusion-button-wrapper\"><style type=\"text\/css\">.fusion-button.button-2 {border-radius:0px;}<\/style><a class=\"fusion-button button-flat fusion-button-default-size button-default button-2 fusion-button-default-span fusion-button-default-type\" target=\"_blank\" rel=\"noopener noreferrer\" href=\"https:\/\/abayanalistas.net\/es\/portfolio\/empleo-a-bordo-impacto-socioeconomico-de-un-modelo-pesquero-sostenible\/\"><span class=\"fusion-button-text\">VER INFORME RELACIONADO<\/span><\/a><\/div><div class=\"fusion-clearfix\"><\/div><\/div><\/div><\/div><style type=\"text\/css\">.fusion-fullwidth.fusion-builder-row-2 { overflow:visible; }<\/style><\/div><\/p>\n","protected":false},"excerpt":{"rendered":"","protected":false},"author":1,"featured_media":2210,"comment_status":"closed","ping_status":"closed","sticky":false,"template":"","format":"standard","meta":{"footnotes":""},"categories":[50],"tags":[],"yoast_head":"<!-- This site is optimized with the Yoast SEO plugin v24.5 - https:\/\/yoast.com\/wordpress\/plugins\/seo\/ -->\n<title>El tr\u00e1nsito hacia un modelo pesquero sostenible y su impacto socioecon\u00f3mico - Abay Analistas<\/title>\n<meta name=\"description\" content=\"&quot;El tr\u00e1nsito hacia un modelo pesquero sostenible y su impacto socioecon\u00f3mico&quot;. El post en el Blog de Econom\u00eda de El Pa\u00eds de nuestro estudio &quot;Empleo a Bordo.\" \/>\n<meta name=\"robots\" content=\"index, follow, max-snippet:-1, max-image-preview:large, max-video-preview:-1\" \/>\n<link rel=\"canonical\" href=\"https:\/\/abayanalistas.net\/es\/el-transito-hacia-un-modelo-pesquero-sostenible-y-su-impacto-socioeconomico\/\" \/>\n<meta property=\"og:locale\" content=\"es_ES\" \/>\n<meta property=\"og:type\" content=\"article\" \/>\n<meta property=\"og:title\" content=\"El tr\u00e1nsito hacia un modelo pesquero sostenible y su impacto socioecon\u00f3mico - Abay Analistas\" \/>\n<meta property=\"og:description\" content=\"&quot;El tr\u00e1nsito hacia un modelo pesquero sostenible y su impacto socioecon\u00f3mico&quot;. El post en el Blog de Econom\u00eda de El Pa\u00eds de nuestro estudio &quot;Empleo a Bordo.\" \/>\n<meta property=\"og:url\" content=\"https:\/\/abayanalistas.net\/es\/el-transito-hacia-un-modelo-pesquero-sostenible-y-su-impacto-socioeconomico\/\" \/>\n<meta property=\"og:site_name\" content=\"Abay Analistas\" \/>\n<meta property=\"article:published_time\" content=\"2014-03-26T14:02:44+00:00\" \/>\n<meta property=\"article:modified_time\" content=\"2021-04-13T10:03:29+00:00\" \/>\n<meta property=\"og:image\" content=\"https:\/\/abayanalistas.net\/es\/wp-content\/uploads\/Maribel.jpg\" \/>\n\t<meta property=\"og:image:width\" content=\"900\" \/>\n\t<meta property=\"og:image:height\" content=\"793\" \/>\n\t<meta property=\"og:image:type\" content=\"image\/jpeg\" \/>\n<meta name=\"author\" content=\"Abay\" \/>\n<meta name=\"twitter:card\" content=\"summary_large_image\" \/>\n<meta name=\"twitter:creator\" content=\"@abayanalistas\" \/>\n<meta name=\"twitter:site\" content=\"@abayanalistas\" \/>\n<meta name=\"twitter:label1\" content=\"Escrito por\" \/>\n\t<meta name=\"twitter:data1\" content=\"Abay\" \/>\n\t<meta name=\"twitter:label2\" content=\"Tiempo de lectura\" \/>\n\t<meta name=\"twitter:data2\" content=\"2 minutos\" \/>\n<script type=\"application\/ld+json\" class=\"yoast-schema-graph\">{\"@context\":\"https:\/\/schema.org\",\"@graph\":[{\"@type\":\"Article\",\"@id\":\"https:\/\/abayanalistas.net\/es\/el-transito-hacia-un-modelo-pesquero-sostenible-y-su-impacto-socioeconomico\/#article\",\"isPartOf\":{\"@id\":\"https:\/\/abayanalistas.net\/es\/el-transito-hacia-un-modelo-pesquero-sostenible-y-su-impacto-socioeconomico\/\"},\"author\":{\"name\":\"Abay\",\"@id\":\"https:\/\/abayanalistas.net\/es\/#\/schema\/person\/e606ae20a7be8e0a0b8a7c999a938b84\"},\"headline\":\"El tr\u00e1nsito hacia un modelo pesquero sostenible y su impacto socioecon\u00f3mico\",\"datePublished\":\"2014-03-26T14:02:44+00:00\",\"dateModified\":\"2021-04-13T10:03:29+00:00\",\"mainEntityOfPage\":{\"@id\":\"https:\/\/abayanalistas.net\/es\/el-transito-hacia-un-modelo-pesquero-sostenible-y-su-impacto-socioeconomico\/\"},\"wordCount\":390,\"publisher\":{\"@id\":\"https:\/\/abayanalistas.net\/es\/#organization\"},\"image\":{\"@id\":\"https:\/\/abayanalistas.net\/es\/el-transito-hacia-un-modelo-pesquero-sostenible-y-su-impacto-socioeconomico\/#primaryimage\"},\"thumbnailUrl\":\"https:\/\/abayanalistas.net\/es\/wp-content\/uploads\/Maribel.jpg\",\"articleSection\":[\"Noticia\"],\"inLanguage\":\"es\"},{\"@type\":\"WebPage\",\"@id\":\"https:\/\/abayanalistas.net\/es\/el-transito-hacia-un-modelo-pesquero-sostenible-y-su-impacto-socioeconomico\/\",\"url\":\"https:\/\/abayanalistas.net\/es\/el-transito-hacia-un-modelo-pesquero-sostenible-y-su-impacto-socioeconomico\/\",\"name\":\"El tr\u00e1nsito hacia un modelo pesquero sostenible y su impacto socioecon\u00f3mico - Abay Analistas\",\"isPartOf\":{\"@id\":\"https:\/\/abayanalistas.net\/es\/#website\"},\"primaryImageOfPage\":{\"@id\":\"https:\/\/abayanalistas.net\/es\/el-transito-hacia-un-modelo-pesquero-sostenible-y-su-impacto-socioeconomico\/#primaryimage\"},\"image\":{\"@id\":\"https:\/\/abayanalistas.net\/es\/el-transito-hacia-un-modelo-pesquero-sostenible-y-su-impacto-socioeconomico\/#primaryimage\"},\"thumbnailUrl\":\"https:\/\/abayanalistas.net\/es\/wp-content\/uploads\/Maribel.jpg\",\"datePublished\":\"2014-03-26T14:02:44+00:00\",\"dateModified\":\"2021-04-13T10:03:29+00:00\",\"description\":\"\\\"El tr\u00e1nsito hacia un modelo pesquero sostenible y su impacto socioecon\u00f3mico\\\". El post en el Blog de Econom\u00eda de El Pa\u00eds de nuestro estudio \\\"Empleo a Bordo.\",\"breadcrumb\":{\"@id\":\"https:\/\/abayanalistas.net\/es\/el-transito-hacia-un-modelo-pesquero-sostenible-y-su-impacto-socioeconomico\/#breadcrumb\"},\"inLanguage\":\"es\",\"potentialAction\":[{\"@type\":\"ReadAction\",\"target\":[\"https:\/\/abayanalistas.net\/es\/el-transito-hacia-un-modelo-pesquero-sostenible-y-su-impacto-socioeconomico\/\"]}]},{\"@type\":\"ImageObject\",\"inLanguage\":\"es\",\"@id\":\"https:\/\/abayanalistas.net\/es\/el-transito-hacia-un-modelo-pesquero-sostenible-y-su-impacto-socioeconomico\/#primaryimage\",\"url\":\"https:\/\/abayanalistas.net\/es\/wp-content\/uploads\/Maribel.jpg\",\"contentUrl\":\"https:\/\/abayanalistas.net\/es\/wp-content\/uploads\/Maribel.jpg\",\"width\":900,\"height\":793,\"caption\":\"Maribel\"},{\"@type\":\"BreadcrumbList\",\"@id\":\"https:\/\/abayanalistas.net\/es\/el-transito-hacia-un-modelo-pesquero-sostenible-y-su-impacto-socioeconomico\/#breadcrumb\",\"itemListElement\":[{\"@type\":\"ListItem\",\"position\":1,\"name\":\"Portada\",\"item\":\"https:\/\/abayanalistas.net\/es\/\"},{\"@type\":\"ListItem\",\"position\":2,\"name\":\"El tr\u00e1nsito hacia un modelo pesquero sostenible y su impacto socioecon\u00f3mico\"}]},{\"@type\":\"WebSite\",\"@id\":\"https:\/\/abayanalistas.net\/es\/#website\",\"url\":\"https:\/\/abayanalistas.net\/es\/\",\"name\":\"Abay Analistas\",\"description\":\"Analistas econ\u00f3micos y sociales\",\"publisher\":{\"@id\":\"https:\/\/abayanalistas.net\/es\/#organization\"},\"potentialAction\":[{\"@type\":\"SearchAction\",\"target\":{\"@type\":\"EntryPoint\",\"urlTemplate\":\"https:\/\/abayanalistas.net\/es\/?s={search_term_string}\"},\"query-input\":{\"@type\":\"PropertyValueSpecification\",\"valueRequired\":true,\"valueName\":\"search_term_string\"}}],\"inLanguage\":\"es\"},{\"@type\":\"Organization\",\"@id\":\"https:\/\/abayanalistas.net\/es\/#organization\",\"name\":\"Abay Analistas\",\"url\":\"https:\/\/abayanalistas.net\/es\/\",\"logo\":{\"@type\":\"ImageObject\",\"inLanguage\":\"es\",\"@id\":\"https:\/\/abayanalistas.net\/es\/#\/schema\/logo\/image\/\",\"url\":\"https:\/\/i0.wp.com\/abayanalistas.net\/es\/wp-content\/uploads\/Logo_Abay_Retina.png?fit=280%2C96&ssl=1\",\"contentUrl\":\"https:\/\/i0.wp.com\/abayanalistas.net\/es\/wp-content\/uploads\/Logo_Abay_Retina.png?fit=280%2C96&ssl=1\",\"width\":280,\"height\":96,\"caption\":\"Abay Analistas\"},\"image\":{\"@id\":\"https:\/\/abayanalistas.net\/es\/#\/schema\/logo\/image\/\"},\"sameAs\":[\"https:\/\/x.com\/abayanalistas\",\"https:\/\/www.linkedin.com\/company\/abay-analistas?trk=biz-companies-cym\"]},{\"@type\":\"Person\",\"@id\":\"https:\/\/abayanalistas.net\/es\/#\/schema\/person\/e606ae20a7be8e0a0b8a7c999a938b84\",\"name\":\"Abay\"}]}<\/script>\n<!-- \/ Yoast SEO plugin. -->","yoast_head_json":{"title":"El tr\u00e1nsito hacia un modelo pesquero sostenible y su impacto socioecon\u00f3mico - Abay Analistas","description":"\"El tr\u00e1nsito hacia un modelo pesquero sostenible y su impacto socioecon\u00f3mico\". El post en el Blog de Econom\u00eda de El Pa\u00eds de nuestro estudio \"Empleo a Bordo.","robots":{"index":"index","follow":"follow","max-snippet":"max-snippet:-1","max-image-preview":"max-image-preview:large","max-video-preview":"max-video-preview:-1"},"canonical":"https:\/\/abayanalistas.net\/es\/el-transito-hacia-un-modelo-pesquero-sostenible-y-su-impacto-socioeconomico\/","og_locale":"es_ES","og_type":"article","og_title":"El tr\u00e1nsito hacia un modelo pesquero sostenible y su impacto socioecon\u00f3mico - Abay Analistas","og_description":"\"El tr\u00e1nsito hacia un modelo pesquero sostenible y su impacto socioecon\u00f3mico\". El post en el Blog de Econom\u00eda de El Pa\u00eds de nuestro estudio \"Empleo a Bordo.","og_url":"https:\/\/abayanalistas.net\/es\/el-transito-hacia-un-modelo-pesquero-sostenible-y-su-impacto-socioeconomico\/","og_site_name":"Abay Analistas","article_published_time":"2014-03-26T14:02:44+00:00","article_modified_time":"2021-04-13T10:03:29+00:00","og_image":[{"width":900,"height":793,"url":"https:\/\/abayanalistas.net\/es\/wp-content\/uploads\/Maribel.jpg","type":"image\/jpeg"}],"author":"Abay","twitter_card":"summary_large_image","twitter_creator":"@abayanalistas","twitter_site":"@abayanalistas","twitter_misc":{"Escrito por":"Abay","Tiempo de lectura":"2 minutos"},"schema":{"@context":"https:\/\/schema.org","@graph":[{"@type":"Article","@id":"https:\/\/abayanalistas.net\/es\/el-transito-hacia-un-modelo-pesquero-sostenible-y-su-impacto-socioeconomico\/#article","isPartOf":{"@id":"https:\/\/abayanalistas.net\/es\/el-transito-hacia-un-modelo-pesquero-sostenible-y-su-impacto-socioeconomico\/"},"author":{"name":"Abay","@id":"https:\/\/abayanalistas.net\/es\/#\/schema\/person\/e606ae20a7be8e0a0b8a7c999a938b84"},"headline":"El tr\u00e1nsito hacia un modelo pesquero sostenible y su impacto socioecon\u00f3mico","datePublished":"2014-03-26T14:02:44+00:00","dateModified":"2021-04-13T10:03:29+00:00","mainEntityOfPage":{"@id":"https:\/\/abayanalistas.net\/es\/el-transito-hacia-un-modelo-pesquero-sostenible-y-su-impacto-socioeconomico\/"},"wordCount":390,"publisher":{"@id":"https:\/\/abayanalistas.net\/es\/#organization"},"image":{"@id":"https:\/\/abayanalistas.net\/es\/el-transito-hacia-un-modelo-pesquero-sostenible-y-su-impacto-socioeconomico\/#primaryimage"},"thumbnailUrl":"https:\/\/abayanalistas.net\/es\/wp-content\/uploads\/Maribel.jpg","articleSection":["Noticia"],"inLanguage":"es"},{"@type":"WebPage","@id":"https:\/\/abayanalistas.net\/es\/el-transito-hacia-un-modelo-pesquero-sostenible-y-su-impacto-socioeconomico\/","url":"https:\/\/abayanalistas.net\/es\/el-transito-hacia-un-modelo-pesquero-sostenible-y-su-impacto-socioeconomico\/","name":"El tr\u00e1nsito hacia un modelo pesquero sostenible y su impacto socioecon\u00f3mico - Abay Analistas","isPartOf":{"@id":"https:\/\/abayanalistas.net\/es\/#website"},"primaryImageOfPage":{"@id":"https:\/\/abayanalistas.net\/es\/el-transito-hacia-un-modelo-pesquero-sostenible-y-su-impacto-socioeconomico\/#primaryimage"},"image":{"@id":"https:\/\/abayanalistas.net\/es\/el-transito-hacia-un-modelo-pesquero-sostenible-y-su-impacto-socioeconomico\/#primaryimage"},"thumbnailUrl":"https:\/\/abayanalistas.net\/es\/wp-content\/uploads\/Maribel.jpg","datePublished":"2014-03-26T14:02:44+00:00","dateModified":"2021-04-13T10:03:29+00:00","description":"\"El tr\u00e1nsito hacia un modelo pesquero sostenible y su impacto socioecon\u00f3mico\". El post en el Blog de Econom\u00eda de El Pa\u00eds de nuestro estudio \"Empleo a Bordo.","breadcrumb":{"@id":"https:\/\/abayanalistas.net\/es\/el-transito-hacia-un-modelo-pesquero-sostenible-y-su-impacto-socioeconomico\/#breadcrumb"},"inLanguage":"es","potentialAction":[{"@type":"ReadAction","target":["https:\/\/abayanalistas.net\/es\/el-transito-hacia-un-modelo-pesquero-sostenible-y-su-impacto-socioeconomico\/"]}]},{"@type":"ImageObject","inLanguage":"es","@id":"https:\/\/abayanalistas.net\/es\/el-transito-hacia-un-modelo-pesquero-sostenible-y-su-impacto-socioeconomico\/#primaryimage","url":"https:\/\/abayanalistas.net\/es\/wp-content\/uploads\/Maribel.jpg","contentUrl":"https:\/\/abayanalistas.net\/es\/wp-content\/uploads\/Maribel.jpg","width":900,"height":793,"caption":"Maribel"},{"@type":"BreadcrumbList","@id":"https:\/\/abayanalistas.net\/es\/el-transito-hacia-un-modelo-pesquero-sostenible-y-su-impacto-socioeconomico\/#breadcrumb","itemListElement":[{"@type":"ListItem","position":1,"name":"Portada","item":"https:\/\/abayanalistas.net\/es\/"},{"@type":"ListItem","position":2,"name":"El tr\u00e1nsito hacia un modelo pesquero sostenible y su impacto socioecon\u00f3mico"}]},{"@type":"WebSite","@id":"https:\/\/abayanalistas.net\/es\/#website","url":"https:\/\/abayanalistas.net\/es\/","name":"Abay Analistas","description":"Analistas econ\u00f3micos y sociales","publisher":{"@id":"https:\/\/abayanalistas.net\/es\/#organization"},"potentialAction":[{"@type":"SearchAction","target":{"@type":"EntryPoint","urlTemplate":"https:\/\/abayanalistas.net\/es\/?s={search_term_string}"},"query-input":{"@type":"PropertyValueSpecification","valueRequired":true,"valueName":"search_term_string"}}],"inLanguage":"es"},{"@type":"Organization","@id":"https:\/\/abayanalistas.net\/es\/#organization","name":"Abay Analistas","url":"https:\/\/abayanalistas.net\/es\/","logo":{"@type":"ImageObject","inLanguage":"es","@id":"https:\/\/abayanalistas.net\/es\/#\/schema\/logo\/image\/","url":"https:\/\/i0.wp.com\/abayanalistas.net\/es\/wp-content\/uploads\/Logo_Abay_Retina.png?fit=280%2C96&ssl=1","contentUrl":"https:\/\/i0.wp.com\/abayanalistas.net\/es\/wp-content\/uploads\/Logo_Abay_Retina.png?fit=280%2C96&ssl=1","width":280,"height":96,"caption":"Abay Analistas"},"image":{"@id":"https:\/\/abayanalistas.net\/es\/#\/schema\/logo\/image\/"},"sameAs":["https:\/\/x.com\/abayanalistas","https:\/\/www.linkedin.com\/company\/abay-analistas?trk=biz-companies-cym"]},{"@type":"Person","@id":"https:\/\/abayanalistas.net\/es\/#\/schema\/person\/e606ae20a7be8e0a0b8a7c999a938b84","name":"Abay"}]}},"_links":{"self":[{"href":"https:\/\/abayanalistas.net\/es\/wp-json\/wp\/v2\/posts\/2209"}],"collection":[{"href":"https:\/\/abayanalistas.net\/es\/wp-json\/wp\/v2\/posts"}],"about":[{"href":"https:\/\/abayanalistas.net\/es\/wp-json\/wp\/v2\/types\/post"}],"author":[{"embeddable":true,"href":"https:\/\/abayanalistas.net\/es\/wp-json\/wp\/v2\/users\/1"}],"replies":[{"embeddable":true,"href":"https:\/\/abayanalistas.net\/es\/wp-json\/wp\/v2\/comments?post=2209"}],"version-history":[{"count":3,"href":"https:\/\/abayanalistas.net\/es\/wp-json\/wp\/v2\/posts\/2209\/revisions"}],"predecessor-version":[{"id":2742,"href":"https:\/\/abayanalistas.net\/es\/wp-json\/wp\/v2\/posts\/2209\/revisions\/2742"}],"wp:featuredmedia":[{"embeddable":true,"href":"https:\/\/abayanalistas.net\/es\/wp-json\/wp\/v2\/media\/2210"}],"wp:attachment":[{"href":"https:\/\/abayanalistas.net\/es\/wp-json\/wp\/v2\/media?parent=2209"}],"wp:term":[{"taxonomy":"category","embeddable":true,"href":"https:\/\/abayanalistas.net\/es\/wp-json\/wp\/v2\/categories?post=2209"},{"taxonomy":"post_tag","embeddable":true,"href":"https:\/\/abayanalistas.net\/es\/wp-json\/wp\/v2\/tags?post=2209"}],"curies":[{"name":"wp","href":"https:\/\/api.w.org\/{rel}","templated":true}]}}