{"id":2424,"date":"2009-05-04T11:35:22","date_gmt":"2009-05-04T11:35:22","guid":{"rendered":"http:\/\/abayanalistas.net\/en\/?p=2424"},"modified":"2016-11-21T19:52:19","modified_gmt":"2016-11-21T19:52:19","slug":"maribel-martinez-presento-al-equipo-de-fundesarte-el-informe-el-sector-artesano-espanol-en-las-fuentes-estadisticas-y-documentales","status":"publish","type":"post","link":"https:\/\/abayanalistas.net\/en\/maribel-martinez-presento-al-equipo-de-fundesarte-el-informe-el-sector-artesano-espanol-en-las-fuentes-estadisticas-y-documentales\/","title":{"rendered":"Maribel Mart\u00ednez present\u00f3 al equipo de Fundesarte el informe &#8220;El sector artesano espa\u00f1ol en las fuentes estad\u00edsticas y documentales&#8221;"},"content":{"rendered":"<div class=\"fusion-fullwidth fullwidth-box nonhundred-percent-fullwidth non-hundred-percent-height-scrolling\"  style='background-color: rgba(255,255,255,0);background-position: left top;background-repeat: no-repeat;padding-top:20px;padding-right:0px;padding-bottom:20px;padding-left:0px;border-top-width:0px;border-bottom-width:0px;border-color:#eae9e9;border-top-style:solid;border-bottom-style:solid;'><div class=\"fusion-builder-row fusion-row \"><div  class=\"fusion-layout-column fusion_builder_column fusion_builder_column_1_1  fusion-one-full fusion-column-first fusion-column-last fusion-column-no-min-height 1_1\"  style='margin-top:0px;margin-bottom:0px;'>\n\t\t\t\t\t<div class=\"fusion-column-wrapper\" style=\"background-position:left top;background-repeat:no-repeat;-webkit-background-size:cover;-moz-background-size:cover;-o-background-size:cover;background-size:cover;\"   data-bg-url=\"\">\n\t\t\t\t\t\t<div class=\"fusion-text\"><p>Presentaci\u00f3n informe Abay<\/p>\n<p>Isabel Mart\u00ednez de Abay Analistas Econ\u00f3micos y Sociales present\u00f3 al equipo de Fundesarte el informe &#8220;El sector artesano espa\u00f1ol en las fuentes estad\u00edsticas y documentales&#8221;. Se trata de un informe encargado por la Direcci\u00f3n General De Pol\u00edtica de la PYME del Ministerio de Industria, Turismo y Comercio que contiene todos los datos que recogen las fuentes estad\u00edsticas espa\u00f1olas respecto al sector artesano como n\u00famero de empresas artesanas, trabajadores en el sector artesano, PIB, subsectores&#8230;<\/p>\n<p style=\"font-size: 10px;\"><em>(nota de prensa de www.fundesarte.org)<\/em><\/p>\n<\/div><div class=\"fusion-clearfix\"><\/div>\n\n\t\t\t\t\t<\/div>\n\t\t\t\t<\/div><\/div><\/div>\n","protected":false},"excerpt":{"rendered":"","protected":false},"author":1,"featured_media":0,"comment_status":"closed","ping_status":"closed","sticky":false,"template":"","format":"standard","meta":{"footnotes":""},"categories":[53],"tags":[],"_links":{"self":[{"href":"https:\/\/abayanalistas.net\/en\/wp-json\/wp\/v2\/posts\/2424"}],"collection":[{"href":"https:\/\/abayanalistas.net\/en\/wp-json\/wp\/v2\/posts"}],"about":[{"href":"https:\/\/abayanalistas.net\/en\/wp-json\/wp\/v2\/types\/post"}],"author":[{"embeddable":true,"href":"https:\/\/abayanalistas.net\/en\/wp-json\/wp\/v2\/users\/1"}],"replies":[{"embeddable":true,"href":"https:\/\/abayanalistas.net\/en\/wp-json\/wp\/v2\/comments?post=2424"}],"version-history":[{"count":3,"href":"https:\/\/abayanalistas.net\/en\/wp-json\/wp\/v2\/posts\/2424\/revisions"}],"predecessor-version":[{"id":2773,"href":"https:\/\/abayanalistas.net\/en\/wp-json\/wp\/v2\/posts\/2424\/revisions\/2773"}],"wp:attachment":[{"href":"https:\/\/abayanalistas.net\/en\/wp-json\/wp\/v2\/media?parent=2424"}],"wp:term":[{"taxonomy":"category","embeddable":true,"href":"https:\/\/abayanalistas.net\/en\/wp-json\/wp\/v2\/categories?post=2424"},{"taxonomy":"post_tag","embeddable":true,"href":"https:\/\/abayanalistas.net\/en\/wp-json\/wp\/v2\/tags?post=2424"}],"curies":[{"name":"wp","href":"https:\/\/api.w.org\/{rel}","templated":true}]}}