{"id":2382,"date":"2012-11-20T11:51:45","date_gmt":"2012-11-20T11:51:45","guid":{"rendered":"http:\/\/abayanalistas.net\/en\/?p=2382"},"modified":"2016-11-21T19:52:11","modified_gmt":"2016-11-21T19:52:11","slug":"presentacion-del-estudio-en-el-i-seminario-de-investigacion-sobre-el-impacto-socioeconomico-de-la-economia-social","status":"publish","type":"post","link":"https:\/\/abayanalistas.net\/en\/presentacion-del-estudio-en-el-i-seminario-de-investigacion-sobre-el-impacto-socioeconomico-de-la-economia-social\/","title":{"rendered":"Presentaci\u00f3n del estudio en el I Seminario de Investigaci\u00f3n sobre el Impacto Socioecon\u00f3mico de la Econom\u00eda Social"},"content":{"rendered":"<div class=\"fusion-fullwidth fullwidth-box nonhundred-percent-fullwidth non-hundred-percent-height-scrolling\"  style='background-color: rgba(255,255,255,0);background-position: left top;background-repeat: no-repeat;padding-top:20px;padding-right:0px;padding-bottom:20px;padding-left:0px;border-top-width:0px;border-bottom-width:0px;border-color:#eae9e9;border-top-style:solid;border-bottom-style:solid;'><div class=\"fusion-builder-row fusion-row \"><div  class=\"fusion-layout-column fusion_builder_column fusion_builder_column_1_2  fusion-one-half fusion-column-first 1_2\"  style='margin-top:0px;margin-bottom:20px;width:48%; margin-right: 4%;'>\n\t\t\t\t\t<div class=\"fusion-column-wrapper\" style=\"background-position:left top;background-repeat:no-repeat;-webkit-background-size:cover;-moz-background-size:cover;-o-background-size:cover;background-size:cover;\"   data-bg-url=\"\">\n\t\t\t\t\t\t<span class=\"fusion-imageframe imageframe-none imageframe-1 hover-type-none\"><a class=\"fusion-no-lightbox\" href=\"mms:\/\/marx.urjc.es\/Libre\/varios\/Vicalvaro\/Vicalvaro20-11-2012PrimeraParte.wmv\" target=\"_blank\" aria-label=\"Presentaci\u00f3n del estudio en el I Seminario de Investigaci\u00f3n sobre el Impacto Socioecon\u00f3mico de la Econom\u00eda Social\" rel=\"noopener noreferrer\"><img loading=\"lazy\" decoding=\"async\" src=\"http:\/\/abayanalistas.net\/en\/wp-content\/uploads\/EOI_video_01-957x540.jpg\" width=\"957\" height=\"540\" alt=\"\" class=\"img-responsive\"\/><\/a><\/span><div class=\"fusion-text\"><p>Presentaci\u00f3n del estudio\u00a0en el I Seminario de Investigaci\u00f3n sobre el Impacto Socioecon\u00f3mico de la Econom\u00eda Social organizado por URJC, CEPES y Abay. A partir del \u00a0minuto 90 del primer v\u00eddeo.<\/p>\n<\/div><div class=\"fusion-button-wrapper\"><style type=\"text\/css\" scoped=\"scoped\">.fusion-button.button-1 .fusion-button-text, .fusion-button.button-1 i {color:#efefef;}.fusion-button.button-1 {border-width:1px;border-color:#efefef;}.fusion-button.button-1 .fusion-button-icon-divider{border-color:#efefef;}.fusion-button.button-1:hover .fusion-button-text, .fusion-button.button-1:hover i,.fusion-button.button-1:focus .fusion-button-text, .fusion-button.button-1:focus i,.fusion-button.button-1:active .fusion-button-text, .fusion-button.button-1:active{color:#efefef;}.fusion-button.button-1:hover, .fusion-button.button-1:focus, .fusion-button.button-1:active{border-width:1px;border-color:#efefef;}.fusion-button.button-1:hover .fusion-button-icon-divider, .fusion-button.button-1:hover .fusion-button-icon-divider, .fusion-button.button-1:active .fusion-button-icon-divider{border-color:#efefef;}.fusion-button.button-1{width:auto;}<\/style><a class=\"fusion-button button-flat fusion-button-square button-medium button-default button-1\" target=\"_blank\" rel=\"noopener noreferrer\" href=\"mms:\/\/marx.urjc.es\/Libre\/varios\/Vicalvaro\/Vicalvaro20-11-2012PrimeraParte.wmv\"><span class=\"fusion-button-text\">VER V\u00cdDEO<\/span><\/a><\/div><div class=\"fusion-clearfix\"><\/div>\n\n\t\t\t\t\t<\/div>\n\t\t\t\t<\/div><div  class=\"fusion-layout-column fusion_builder_column fusion_builder_column_1_2  fusion-one-half fusion-column-last 1_2\"  style='margin-top:0px;margin-bottom:20px;width:48%'>\n\t\t\t\t\t<div class=\"fusion-column-wrapper\" style=\"background-position:left top;background-repeat:no-repeat;-webkit-background-size:cover;-moz-background-size:cover;-o-background-size:cover;background-size:cover;\"   data-bg-url=\"\">\n\t\t\t\t\t\t<span class=\"fusion-imageframe imageframe-none imageframe-2 hover-type-none\"><a class=\"fusion-no-lightbox\" href=\"mms:\/\/marx.urjc.es\/Libre\/varios\/Vicalvaro\/Vicalvaro20-11-2012MesaRedonda.wmv\" target=\"_blank\" aria-label=\"Presentaci\u00f3n del estudio en el I Seminario de Investigaci\u00f3n sobre el Impacto Socioecon\u00f3mico de la Econom\u00eda Social\" rel=\"noopener noreferrer\"><img loading=\"lazy\" decoding=\"async\" src=\"http:\/\/abayanalistas.net\/en\/wp-content\/uploads\/EOI_video_02-960x540.jpg\" width=\"960\" height=\"540\" alt=\"\" class=\"img-responsive\"\/><\/a><\/span><div class=\"fusion-text\"><p>Presentaci\u00f3n del estudio\u00a0en el I Seminario de Investigaci\u00f3n sobre el Impacto Socioecon\u00f3mico de la Econom\u00eda Social organizado por URJC, CEPES y Abay. A partir del \u00a0minuto 90 del primer v\u00eddeo.<\/p>\n<\/div><div class=\"fusion-button-wrapper\"><style type=\"text\/css\" scoped=\"scoped\">.fusion-button.button-2 .fusion-button-text, .fusion-button.button-2 i {color:#efefef;}.fusion-button.button-2 {border-width:1px;border-color:#efefef;}.fusion-button.button-2 .fusion-button-icon-divider{border-color:#efefef;}.fusion-button.button-2:hover .fusion-button-text, .fusion-button.button-2:hover i,.fusion-button.button-2:focus .fusion-button-text, .fusion-button.button-2:focus i,.fusion-button.button-2:active .fusion-button-text, .fusion-button.button-2:active{color:#efefef;}.fusion-button.button-2:hover, .fusion-button.button-2:focus, .fusion-button.button-2:active{border-width:1px;border-color:#efefef;}.fusion-button.button-2:hover .fusion-button-icon-divider, .fusion-button.button-2:hover .fusion-button-icon-divider, .fusion-button.button-2:active .fusion-button-icon-divider{border-color:#efefef;}.fusion-button.button-2{width:auto;}<\/style><a class=\"fusion-button button-flat fusion-button-square button-medium button-default button-2\" target=\"_blank\" rel=\"noopener noreferrer\" href=\"mms:\/\/marx.urjc.es\/Libre\/varios\/Vicalvaro\/Vicalvaro20-11-2012MesaRedonda.wmv\"><span class=\"fusion-button-text\">VER V\u00cdDEO<\/span><\/a><\/div><div class=\"fusion-clearfix\"><\/div>\n\n\t\t\t\t\t<\/div>\n\t\t\t\t<\/div><div  class=\"fusion-layout-column fusion_builder_column fusion_builder_column_1_1  fusion-one-full fusion-column-first fusion-column-last fusion-column-no-min-height 1_1\"  style='margin-top:0px;margin-bottom:0px;'>\n\t\t\t\t\t<div class=\"fusion-column-wrapper\" style=\"background-position:left top;background-repeat:no-repeat;-webkit-background-size:cover;-moz-background-size:cover;-o-background-size:cover;background-size:cover;\"   data-bg-url=\"\">\n\t\t\t\t\t\t<div class=\"fusion-sep-clear\"><\/div><div class=\"fusion-separator fusion-full-width-sep sep-single sep-solid\" style=\"border-color:#dbdbdb;border-top-width:1px;margin-left: auto;margin-right: auto;margin-top:25px;margin-bottom:25px;\"><\/div><div class=\"fusion-button-wrapper\"><style type=\"text\/css\" scoped=\"scoped\">.fusion-button.button-3 .fusion-button-text, .fusion-button.button-3 i {color:#efefef;}.fusion-button.button-3 {border-width:1px;border-color:#efefef;}.fusion-button.button-3 .fusion-button-icon-divider{border-color:#efefef;}.fusion-button.button-3:hover .fusion-button-text, .fusion-button.button-3:hover i,.fusion-button.button-3:focus .fusion-button-text, .fusion-button.button-3:focus i,.fusion-button.button-3:active .fusion-button-text, .fusion-button.button-3:active{color:#efefef;}.fusion-button.button-3:hover, .fusion-button.button-3:focus, .fusion-button.button-3:active{border-width:1px;border-color:#efefef;}.fusion-button.button-3:hover .fusion-button-icon-divider, .fusion-button.button-3:hover .fusion-button-icon-divider, .fusion-button.button-3:active .fusion-button-icon-divider{border-color:#efefef;}.fusion-button.button-3{width:auto;}<\/style><a class=\"fusion-button button-flat fusion-button-square button-medium button-default button-3\" target=\"_blank\" rel=\"noopener noreferrer\" href=\"http:\/\/abayanalistas.net\/en\/portfolio\/el-impacto-socioeconomico-de-los-valores-de-las-empresas-de-economia-social\/\"><span class=\"fusion-button-text\">VER INFORME RELACIONADO<\/span><\/a><\/div><div class=\"fusion-clearfix\"><\/div>\n\n\t\t\t\t\t<\/div>\n\t\t\t\t<\/div><\/div><\/div>\n","protected":false},"excerpt":{"rendered":"","protected":false},"author":1,"featured_media":0,"comment_status":"closed","ping_status":"closed","sticky":false,"template":"","format":"standard","meta":{"footnotes":""},"categories":[53],"tags":[],"_links":{"self":[{"href":"https:\/\/abayanalistas.net\/en\/wp-json\/wp\/v2\/posts\/2382"}],"collection":[{"href":"https:\/\/abayanalistas.net\/en\/wp-json\/wp\/v2\/posts"}],"about":[{"href":"https:\/\/abayanalistas.net\/en\/wp-json\/wp\/v2\/types\/post"}],"author":[{"embeddable":true,"href":"https:\/\/abayanalistas.net\/en\/wp-json\/wp\/v2\/users\/1"}],"replies":[{"embeddable":true,"href":"https:\/\/abayanalistas.net\/en\/wp-json\/wp\/v2\/comments?post=2382"}],"version-history":[{"count":3,"href":"https:\/\/abayanalistas.net\/en\/wp-json\/wp\/v2\/posts\/2382\/revisions"}],"predecessor-version":[{"id":2757,"href":"https:\/\/abayanalistas.net\/en\/wp-json\/wp\/v2\/posts\/2382\/revisions\/2757"}],"wp:attachment":[{"href":"https:\/\/abayanalistas.net\/en\/wp-json\/wp\/v2\/media?parent=2382"}],"wp:term":[{"taxonomy":"category","embeddable":true,"href":"https:\/\/abayanalistas.net\/en\/wp-json\/wp\/v2\/categories?post=2382"},{"taxonomy":"post_tag","embeddable":true,"href":"https:\/\/abayanalistas.net\/en\/wp-json\/wp\/v2\/tags?post=2382"}],"curies":[{"name":"wp","href":"https:\/\/api.w.org\/{rel}","templated":true}]}}