{"id":482,"date":"2015-06-30T17:10:24","date_gmt":"2015-06-30T17:10:24","guid":{"rendered":"http:\/\/avada.theme-fusion.com\/architecture\/?p=482"},"modified":"2021-04-13T10:03:27","modified_gmt":"2021-04-13T10:03:27","slug":"conceptual-fluid-design","status":"publish","type":"post","link":"http:\/\/abayanalistas.net\/es\/conceptual-fluid-design\/","title":{"rendered":"Presentaciones del Estudio realizado para la Fundaci\u00f3n ONCE"},"content":{"rendered":"<div class=\"fusion-fullwidth fullwidth-box fusion-builder-row-1 nonhundred-percent-fullwidth non-hundred-percent-height-scrolling fusion-equal-height-columns\" style=\"background-color: rgba(255,255,255,0);background-position: left top;background-repeat: no-repeat;padding-top:20px;padding-right:0px;padding-bottom:20px;padding-left:0px;margin-bottom: 0px;margin-top: 0px;border-width: 0px 0px 0px 0px;border-color:#eae9e9;border-style:solid;\" ><div class=\"fusion-builder-row fusion-row\"><div class=\"fusion-layout-column fusion_builder_column fusion-builder-column-0 fusion_builder_column_1_1 1_1 fusion-one-full fusion-column-first fusion-column-last fusion-column-no-min-height\" style=\"margin-top:0px;margin-bottom:0px;\"><div class=\"fusion-column-wrapper fusion-flex-column-wrapper-legacy\" style=\"background-position:left top;background-repeat:no-repeat;-webkit-background-size:cover;-moz-background-size:cover;-o-background-size:cover;background-size:cover;padding: 0px 0px 0px 0px;\"><div class=\"fusion-text fusion-text-1\"><p>Entre junio y octubre de\u00a02015 presentamos el\u00a0estudio realizado para la\u00a0<strong>Fundaci\u00f3n ONCE \u00abLas empresas de la Econom\u00eda Social como palanca de creaci\u00f3n de empleo para las personas con discapacidad\u00bb, <\/strong>en varias ciudades (Murcia, Seviilla, Zaragoza, Pamplona y\u00a0Valencia) dentro del\u00a0\u00a0\u00abRoad Show\u00bb previsto en el marco de este proyecto. Algunas noticias relacionadas con estos eventos:<\/p>\n<\/div><div class=\"fusion-clearfix\"><\/div><\/div><\/div><div class=\"fusion-layout-column fusion_builder_column fusion-builder-column-1 fusion_builder_column_1_3 1_3 fusion-one-third fusion-column-first\" style=\"width:30.6666%; margin-right: 4%;margin-top:0px;margin-bottom:20px;\"><div class=\"fusion-column-wrapper fusion-flex-column-wrapper-legacy\" style=\"background-position:left top;background-repeat:no-repeat;-webkit-background-size:cover;-moz-background-size:cover;-o-background-size:cover;background-size:cover;padding: 0px 0px 0px 0px;\"><span class=\" fusion-imageframe imageframe-none imageframe-1 hover-type-none fusion-animated\" style=\"border:1px solid #e0e0e0;\" data-animationType=\"fadeInDown\" data-animationDuration=\"0.5\" data-animationOffset=\"100%\"><a class=\"fusion-no-lightbox\" href=\"http:\/\/www.europapress.es\/andalucia\/sevilla-00357\/noticia-andalucia-ccaa-mas-inclusion-personas-discapacidad-empresas-economia-social-estudio-20150625165000.html\" target=\"_blank\" aria-label=\"noticia once 01\" rel=\"noopener noreferrer\"><img decoding=\"async\" width=\"962\" height=\"853\" alt=\"http:\/\/www.europapress.es\" src=\"http:\/\/abayanalistas.net\/es\/wp-content\/uploads\/noticia-once-01.jpg\" data-orig-src=\"http:\/\/abayanalistas.net\/es\/wp-content\/uploads\/noticia-once-01.jpg\" class=\"lazyload img-responsive wp-image-1245\" srcset=\"data:image\/svg+xml,%3Csvg%20xmlns%3D%27http%3A%2F%2Fwww.w3.org%2F2000%2Fsvg%27%20width%3D%27962%27%20height%3D%27853%27%20viewBox%3D%270%200%20962%20853%27%3E%3Crect%20width%3D%27962%27%20height%3D%27853%27%20fill-opacity%3D%220%22%2F%3E%3C%2Fsvg%3E\" data-srcset=\"http:\/\/abayanalistas.net\/es\/wp-content\/uploads\/noticia-once-01-200x177.jpg 200w, http:\/\/abayanalistas.net\/es\/wp-content\/uploads\/noticia-once-01-400x355.jpg 400w, http:\/\/abayanalistas.net\/es\/wp-content\/uploads\/noticia-once-01-600x532.jpg 600w, http:\/\/abayanalistas.net\/es\/wp-content\/uploads\/noticia-once-01-800x709.jpg 800w, http:\/\/abayanalistas.net\/es\/wp-content\/uploads\/noticia-once-01.jpg 962w\" data-sizes=\"auto\" data-orig-sizes=\"(max-width: 1230px) 100vw, 400px\" \/><\/a><\/span><div class=\"fusion-text fusion-text-2\"><h4><a href=\"http:\/\/www.europapress.es\/andalucia\/sevilla-00357\/noticia-andalucia-ccaa-mas-inclusion-personas-discapacidad-empresas-economia-social-estudio-20150625165000.html\" target=\"_blank\" rel=\"noopener\">EuropaPress<\/a><\/h4>\n<\/div><div class=\"fusion-clearfix\"><\/div><\/div><\/div><div class=\"fusion-layout-column fusion_builder_column fusion-builder-column-2 fusion_builder_column_1_3 1_3 fusion-one-third\" style=\"width:30.6666%; margin-right: 4%;margin-top:0px;margin-bottom:20px;\"><div class=\"fusion-column-wrapper fusion-flex-column-wrapper-legacy\" style=\"background-position:left top;background-repeat:no-repeat;-webkit-background-size:cover;-moz-background-size:cover;-o-background-size:cover;background-size:cover;padding: 0px 0px 0px 0px;\"><span class=\" fusion-imageframe imageframe-none imageframe-2 hover-type-none fusion-animated\" style=\"border:1px solid #e0e0e0;\" data-animationType=\"fadeInDown\" data-animationDuration=\"0.5\" data-animationOffset=\"100%\"><a class=\"fusion-no-lightbox\" href=\"http:\/\/www.20minutos.es\/noticia\/2498610\/0\/andalucia-entre-ccaa-con-mas-inclusion-personas-con-discapacidad-empresas-economia-social-segun-estudio\/\" target=\"_blank\" aria-label=\"noticia once 02\" rel=\"noopener noreferrer\"><img decoding=\"async\" width=\"962\" height=\"853\" alt=\"http:\/\/www.20minutos.es\" src=\"http:\/\/abayanalistas.net\/es\/wp-content\/uploads\/noticia-once-02.jpg\" data-orig-src=\"http:\/\/abayanalistas.net\/es\/wp-content\/uploads\/noticia-once-02.jpg\" class=\"lazyload img-responsive wp-image-1246\" srcset=\"data:image\/svg+xml,%3Csvg%20xmlns%3D%27http%3A%2F%2Fwww.w3.org%2F2000%2Fsvg%27%20width%3D%27962%27%20height%3D%27853%27%20viewBox%3D%270%200%20962%20853%27%3E%3Crect%20width%3D%27962%27%20height%3D%27853%27%20fill-opacity%3D%220%22%2F%3E%3C%2Fsvg%3E\" data-srcset=\"http:\/\/abayanalistas.net\/es\/wp-content\/uploads\/noticia-once-02-200x177.jpg 200w, http:\/\/abayanalistas.net\/es\/wp-content\/uploads\/noticia-once-02-400x355.jpg 400w, http:\/\/abayanalistas.net\/es\/wp-content\/uploads\/noticia-once-02-600x532.jpg 600w, http:\/\/abayanalistas.net\/es\/wp-content\/uploads\/noticia-once-02-800x709.jpg 800w, http:\/\/abayanalistas.net\/es\/wp-content\/uploads\/noticia-once-02.jpg 962w\" data-sizes=\"auto\" data-orig-sizes=\"(max-width: 1230px) 100vw, 400px\" \/><\/a><\/span><div class=\"fusion-text fusion-text-3\"><h4><a href=\"http:\/\/www.20minutos.es\/noticia\/2498610\/0\/andalucia-entre-ccaa-con-mas-inclusion-personas-con-discapacidad-empresas-economia-social-segun-estudio\/\" target=\"_blank\" rel=\"noopener\">20 Minutos<\/a><\/h4>\n<\/div><div class=\"fusion-clearfix\"><\/div><\/div><\/div><div class=\"fusion-layout-column fusion_builder_column fusion-builder-column-3 fusion_builder_column_1_3 1_3 fusion-one-third fusion-column-last\" style=\"width:30.6666%;margin-top:0px;margin-bottom:20px;\"><div class=\"fusion-column-wrapper fusion-flex-column-wrapper-legacy\" style=\"background-position:left top;background-repeat:no-repeat;-webkit-background-size:cover;-moz-background-size:cover;-o-background-size:cover;background-size:cover;padding: 0px 0px 0px 0px;\"><span class=\" fusion-imageframe imageframe-none imageframe-3 hover-type-none fusion-animated\" style=\"border:1px solid #e0e0e0;\" data-animationType=\"fadeInDown\" data-animationDuration=\"0.5\" data-animationOffset=\"100%\"><a class=\"fusion-no-lightbox\" href=\"http:\/\/www.fundaciononce.es\/es\/noticia\/las-empresas-de-economia-social-encabezan-la-contratacion-de-personas-con-discapacidad-en-la\" target=\"_blank\" aria-label=\"noticia once 03\" rel=\"noopener noreferrer\"><img decoding=\"async\" width=\"962\" height=\"853\" alt=\"http:\/\/www.fundaciononce.es\" src=\"http:\/\/abayanalistas.net\/es\/wp-content\/uploads\/noticia-once-03.jpg\" data-orig-src=\"http:\/\/abayanalistas.net\/es\/wp-content\/uploads\/noticia-once-03.jpg\" class=\"lazyload img-responsive wp-image-1247\" srcset=\"data:image\/svg+xml,%3Csvg%20xmlns%3D%27http%3A%2F%2Fwww.w3.org%2F2000%2Fsvg%27%20width%3D%27962%27%20height%3D%27853%27%20viewBox%3D%270%200%20962%20853%27%3E%3Crect%20width%3D%27962%27%20height%3D%27853%27%20fill-opacity%3D%220%22%2F%3E%3C%2Fsvg%3E\" data-srcset=\"http:\/\/abayanalistas.net\/es\/wp-content\/uploads\/noticia-once-03-200x177.jpg 200w, http:\/\/abayanalistas.net\/es\/wp-content\/uploads\/noticia-once-03-400x355.jpg 400w, http:\/\/abayanalistas.net\/es\/wp-content\/uploads\/noticia-once-03-600x532.jpg 600w, http:\/\/abayanalistas.net\/es\/wp-content\/uploads\/noticia-once-03-800x709.jpg 800w, http:\/\/abayanalistas.net\/es\/wp-content\/uploads\/noticia-once-03.jpg 962w\" data-sizes=\"auto\" data-orig-sizes=\"(max-width: 1230px) 100vw, 400px\" \/><\/a><\/span><div class=\"fusion-text fusion-text-4\"><h4><a href=\"http:\/\/www.fundaciononce.es\/es\/noticia\/las-empresas-de-economia-social-encabezan-la-contratacion-de-personas-con-discapacidad-en-la\" target=\"_blank\" rel=\"noopener\">Fundaci\u00f3n ONCE<\/a><\/h4>\n<\/div><div class=\"fusion-clearfix\"><\/div><\/div><\/div><div class=\"fusion-layout-column fusion_builder_column fusion-builder-column-4 fusion_builder_column_1_3 1_3 fusion-one-third fusion-column-first\" style=\"width:30.6666%; margin-right: 4%;margin-top:0px;margin-bottom:20px;\"><div class=\"fusion-column-wrapper fusion-flex-column-wrapper-legacy\" style=\"background-position:left top;background-repeat:no-repeat;-webkit-background-size:cover;-moz-background-size:cover;-o-background-size:cover;background-size:cover;padding: 0px 0px 0px 0px;\"><span class=\" fusion-imageframe imageframe-none imageframe-4 hover-type-none fusion-animated\" style=\"border:1px solid #e0e0e0;\" data-animationType=\"fadeInDown\" data-animationDuration=\"0.5\" data-animationOffset=\"100%\"><a class=\"fusion-no-lightbox\" href=\"http:\/\/www.anel.es\/la-economia-social-en-navarra-fundamental-en-la-inclusion-de-las-personas-con-discapacidad-en-el-mercado-laboral\/\" target=\"_blank\" aria-label=\"noticia once 04\" rel=\"noopener noreferrer\"><img decoding=\"async\" width=\"962\" height=\"853\" alt=\"http:\/\/www.anel.es\" src=\"http:\/\/abayanalistas.net\/es\/wp-content\/uploads\/noticia-once-04.jpg\" data-orig-src=\"http:\/\/abayanalistas.net\/es\/wp-content\/uploads\/noticia-once-04.jpg\" class=\"lazyload img-responsive wp-image-1248\" srcset=\"data:image\/svg+xml,%3Csvg%20xmlns%3D%27http%3A%2F%2Fwww.w3.org%2F2000%2Fsvg%27%20width%3D%27962%27%20height%3D%27853%27%20viewBox%3D%270%200%20962%20853%27%3E%3Crect%20width%3D%27962%27%20height%3D%27853%27%20fill-opacity%3D%220%22%2F%3E%3C%2Fsvg%3E\" data-srcset=\"http:\/\/abayanalistas.net\/es\/wp-content\/uploads\/noticia-once-04-200x177.jpg 200w, http:\/\/abayanalistas.net\/es\/wp-content\/uploads\/noticia-once-04-400x355.jpg 400w, http:\/\/abayanalistas.net\/es\/wp-content\/uploads\/noticia-once-04-600x532.jpg 600w, http:\/\/abayanalistas.net\/es\/wp-content\/uploads\/noticia-once-04-800x709.jpg 800w, http:\/\/abayanalistas.net\/es\/wp-content\/uploads\/noticia-once-04.jpg 962w\" data-sizes=\"auto\" data-orig-sizes=\"(max-width: 1230px) 100vw, 400px\" \/><\/a><\/span><div class=\"fusion-text fusion-text-5\"><h4><a href=\"http:\/\/www.anel.es\/la-economia-social-en-navarra-fundamental-en-la-inclusion-de-las-personas-con-discapacidad-en-el-mercado-laboral\/\" target=\"_blank\" rel=\"noopener\">Anel<\/a><\/h4>\n<\/div><div class=\"fusion-clearfix\"><\/div><\/div><\/div><div class=\"fusion-layout-column fusion_builder_column fusion-builder-column-5 fusion_builder_column_1_3 1_3 fusion-one-third\" style=\"width:30.6666%; margin-right: 4%;margin-top:0px;margin-bottom:20px;\"><div class=\"fusion-column-wrapper fusion-flex-column-wrapper-legacy\" style=\"background-position:left top;background-repeat:no-repeat;-webkit-background-size:cover;-moz-background-size:cover;-o-background-size:cover;background-size:cover;padding: 0px 0px 0px 0px;\"><span class=\" fusion-imageframe imageframe-none imageframe-5 hover-type-none fusion-animated\" style=\"border:1px solid #e0e0e0;\" data-animationType=\"fadeInDown\" data-animationDuration=\"0.5\" data-animationOffset=\"100%\"><a class=\"fusion-no-lightbox\" href=\"http:\/\/www.cepes.es\/noticias\/432_centros-especiales-empleo-cooperativas-iniciativa-social-navarra-lideran-contratacion-personas-disca\" target=\"_blank\" aria-label=\"noticia once 05\" rel=\"noopener noreferrer\"><img decoding=\"async\" width=\"962\" height=\"853\" alt=\"http:\/\/www.cepes.es\" src=\"http:\/\/abayanalistas.net\/es\/wp-content\/uploads\/noticia-once-05.jpg\" data-orig-src=\"http:\/\/abayanalistas.net\/es\/wp-content\/uploads\/noticia-once-05.jpg\" class=\"lazyload img-responsive wp-image-1259\" srcset=\"data:image\/svg+xml,%3Csvg%20xmlns%3D%27http%3A%2F%2Fwww.w3.org%2F2000%2Fsvg%27%20width%3D%27962%27%20height%3D%27853%27%20viewBox%3D%270%200%20962%20853%27%3E%3Crect%20width%3D%27962%27%20height%3D%27853%27%20fill-opacity%3D%220%22%2F%3E%3C%2Fsvg%3E\" data-srcset=\"http:\/\/abayanalistas.net\/es\/wp-content\/uploads\/noticia-once-05-200x177.jpg 200w, http:\/\/abayanalistas.net\/es\/wp-content\/uploads\/noticia-once-05-400x355.jpg 400w, http:\/\/abayanalistas.net\/es\/wp-content\/uploads\/noticia-once-05-600x532.jpg 600w, http:\/\/abayanalistas.net\/es\/wp-content\/uploads\/noticia-once-05-800x709.jpg 800w, http:\/\/abayanalistas.net\/es\/wp-content\/uploads\/noticia-once-05.jpg 962w\" data-sizes=\"auto\" data-orig-sizes=\"(max-width: 1230px) 100vw, 400px\" \/><\/a><\/span><div class=\"fusion-text fusion-text-6\"><h4><a href=\"http:\/\/www.cepes.es\/noticias\/432_centros-especiales-empleo-cooperativas-iniciativa-social-navarra-lideran-contratacion-personas-disca\" target=\"_blank\" rel=\"noopener\">Cepes<\/a><\/h4>\n<\/div><div class=\"fusion-clearfix\"><\/div><\/div><\/div><div class=\"fusion-layout-column fusion_builder_column fusion-builder-column-6 fusion_builder_column_1_3 1_3 fusion-one-third fusion-column-last\" style=\"width:30.6666%;margin-top:0px;margin-bottom:20px;\"><div class=\"fusion-column-wrapper fusion-flex-column-wrapper-legacy\" style=\"background-position:left top;background-repeat:no-repeat;-webkit-background-size:cover;-moz-background-size:cover;-o-background-size:cover;background-size:cover;padding: 0px 0px 0px 0px;\"><span class=\" fusion-imageframe imageframe-none imageframe-6 hover-type-none fusion-animated\" style=\"border:1px solid #e0e0e0;\" data-animationType=\"fadeInDown\" data-animationDuration=\"0.5\" data-animationOffset=\"100%\"><a class=\"fusion-no-lightbox\" href=\"http:\/\/www.cermiandalucia.es\/actualidad\/otras-noticias\/item\/1509-fundaci%C3%B3n-once-y-cepes-presentan-en-sevilla-un-estudio-sobre-las-posibilidades-de-empleo-de-las-personas-con-discapacidad-en-las-empresas-de-la-econom%C3%ADa-social.html\" target=\"_blank\" aria-label=\"noticia once 06\" rel=\"noopener noreferrer\"><img decoding=\"async\" width=\"962\" height=\"853\" alt=\" http:\/\/www.cermiandalucia.es\" src=\"http:\/\/abayanalistas.net\/es\/wp-content\/uploads\/noticia-once-06.jpg\" data-orig-src=\"http:\/\/abayanalistas.net\/es\/wp-content\/uploads\/noticia-once-06.jpg\" class=\"lazyload img-responsive wp-image-1250\" srcset=\"data:image\/svg+xml,%3Csvg%20xmlns%3D%27http%3A%2F%2Fwww.w3.org%2F2000%2Fsvg%27%20width%3D%27962%27%20height%3D%27853%27%20viewBox%3D%270%200%20962%20853%27%3E%3Crect%20width%3D%27962%27%20height%3D%27853%27%20fill-opacity%3D%220%22%2F%3E%3C%2Fsvg%3E\" data-srcset=\"http:\/\/abayanalistas.net\/es\/wp-content\/uploads\/noticia-once-06-200x177.jpg 200w, http:\/\/abayanalistas.net\/es\/wp-content\/uploads\/noticia-once-06-400x355.jpg 400w, http:\/\/abayanalistas.net\/es\/wp-content\/uploads\/noticia-once-06-600x532.jpg 600w, http:\/\/abayanalistas.net\/es\/wp-content\/uploads\/noticia-once-06-800x709.jpg 800w, http:\/\/abayanalistas.net\/es\/wp-content\/uploads\/noticia-once-06.jpg 962w\" data-sizes=\"auto\" data-orig-sizes=\"(max-width: 1230px) 100vw, 400px\" \/><\/a><\/span><div class=\"fusion-text fusion-text-7\"><h4><a href=\"http:\/\/www.cermiandalucia.es\/actualidad\/otras-noticias\/item\/1509-fundaci%C3%B3n-once-y-cepes-presentan-en-sevilla-un-estudio-sobre-las-posibilidades-de-empleo-de-las-personas-con-discapacidad-en-las-empresas-de-la-econom%C3%ADa-social.html\" target=\"_blank\" rel=\"noopener\">Cermi Andaluc\u00eda<\/a><\/h4>\n<\/div><div class=\"fusion-clearfix\"><\/div><\/div><\/div><div class=\"fusion-layout-column fusion_builder_column fusion-builder-column-7 fusion_builder_column_1_2 1_2 fusion-one-half fusion-column-first\" style=\"width:48%; margin-right: 4%;margin-top:0px;margin-bottom:20px;\"><div class=\"fusion-column-wrapper fusion-flex-column-wrapper-legacy\" style=\"background-position:left top;background-repeat:no-repeat;-webkit-background-size:cover;-moz-background-size:cover;-o-background-size:cover;background-size:cover;padding: 0px 0px 0px 0px;\"><div class=\"fusion-column-content-centered\"><div class=\"fusion-column-content\"><div class=\"fusion-text fusion-text-8\"><h5><em>Andaluc\u00eda, se encuentra entre las CCAA con m\u00e1s inclusi\u00f3n de personas con discapacidad en empresas de econom\u00eda social seg\u00fan el estudio realizado por Abay Analistas Econ\u00f3micos y Sociales.<\/em><\/h5>\n<\/div><\/div><\/div><div class=\"fusion-clearfix\"><\/div><\/div><\/div><\/div><\/div>\n","protected":false},"excerpt":{"rendered":"","protected":false},"author":1,"featured_media":848,"comment_status":"closed","ping_status":"open","sticky":false,"template":"","format":"standard","meta":{"footnotes":""},"categories":[46],"tags":[],"yoast_head":"<!-- This site is optimized with the Yoast SEO plugin v24.5 - https:\/\/yoast.com\/wordpress\/plugins\/seo\/ -->\n<title>Presentaciones del Estudio realizado para la ONCE- Abay Analistas<\/title>\n<meta name=\"description\" content=\"En 2015 Abay Analistas present\u00f3 el estudio hecho para la Fundaci\u00f3n ONCE &quot;Las empresas de la Econom\u00eda Social como palanca de creaci\u00f3n de empleo para las personas con discapacidad&quot;.\" \/>\n<meta name=\"robots\" content=\"index, follow, max-snippet:-1, max-image-preview:large, max-video-preview:-1\" \/>\n<link rel=\"canonical\" href=\"http:\/\/abayanalistas.net\/es\/conceptual-fluid-design\/\" \/>\n<meta property=\"og:locale\" content=\"es_ES\" \/>\n<meta property=\"og:type\" content=\"article\" \/>\n<meta property=\"og:title\" content=\"Presentaciones del Estudio realizado para la ONCE- Abay Analistas\" \/>\n<meta property=\"og:description\" content=\"En 2015 Abay Analistas present\u00f3 el estudio hecho para la Fundaci\u00f3n ONCE &quot;Las empresas de la Econom\u00eda Social como palanca de creaci\u00f3n de empleo para las personas con discapacidad&quot;.\" \/>\n<meta property=\"og:url\" content=\"http:\/\/abayanalistas.net\/es\/conceptual-fluid-design\/\" \/>\n<meta property=\"og:site_name\" content=\"Abay Analistas\" \/>\n<meta property=\"article:published_time\" content=\"2015-06-30T17:10:24+00:00\" \/>\n<meta property=\"article:modified_time\" content=\"2021-04-13T10:03:27+00:00\" \/>\n<meta property=\"og:image\" content=\"http:\/\/abayanalistas.net\/es\/wp-content\/uploads\/cepesonce.jpg\" \/>\n\t<meta property=\"og:image:width\" content=\"600\" \/>\n\t<meta property=\"og:image:height\" content=\"424\" \/>\n\t<meta property=\"og:image:type\" content=\"image\/jpeg\" \/>\n<meta name=\"author\" content=\"Abay\" \/>\n<meta name=\"twitter:card\" content=\"summary_large_image\" \/>\n<meta name=\"twitter:creator\" content=\"@abayanalistas\" \/>\n<meta name=\"twitter:site\" content=\"@abayanalistas\" \/>\n<meta name=\"twitter:label1\" content=\"Escrito por\" \/>\n\t<meta name=\"twitter:data1\" content=\"Abay\" \/>\n\t<meta name=\"twitter:label2\" content=\"Tiempo de lectura\" \/>\n\t<meta name=\"twitter:data2\" content=\"5 minutos\" \/>\n<script type=\"application\/ld+json\" class=\"yoast-schema-graph\">{\"@context\":\"https:\/\/schema.org\",\"@graph\":[{\"@type\":\"Article\",\"@id\":\"http:\/\/abayanalistas.net\/es\/conceptual-fluid-design\/#article\",\"isPartOf\":{\"@id\":\"http:\/\/abayanalistas.net\/es\/conceptual-fluid-design\/\"},\"author\":{\"name\":\"Abay\",\"@id\":\"https:\/\/abayanalistas.net\/es\/#\/schema\/person\/e606ae20a7be8e0a0b8a7c999a938b84\"},\"headline\":\"Presentaciones del Estudio realizado para la Fundaci\u00f3n ONCE\",\"datePublished\":\"2015-06-30T17:10:24+00:00\",\"dateModified\":\"2021-04-13T10:03:27+00:00\",\"mainEntityOfPage\":{\"@id\":\"http:\/\/abayanalistas.net\/es\/conceptual-fluid-design\/\"},\"wordCount\":1009,\"publisher\":{\"@id\":\"https:\/\/abayanalistas.net\/es\/#organization\"},\"image\":{\"@id\":\"http:\/\/abayanalistas.net\/es\/conceptual-fluid-design\/#primaryimage\"},\"thumbnailUrl\":\"http:\/\/abayanalistas.net\/es\/wp-content\/uploads\/cepesonce.jpg\",\"articleSection\":[\"Presentaciones de informes\"],\"inLanguage\":\"es\"},{\"@type\":\"WebPage\",\"@id\":\"http:\/\/abayanalistas.net\/es\/conceptual-fluid-design\/\",\"url\":\"http:\/\/abayanalistas.net\/es\/conceptual-fluid-design\/\",\"name\":\"Presentaciones del Estudio realizado para la ONCE- Abay Analistas\",\"isPartOf\":{\"@id\":\"https:\/\/abayanalistas.net\/es\/#website\"},\"primaryImageOfPage\":{\"@id\":\"http:\/\/abayanalistas.net\/es\/conceptual-fluid-design\/#primaryimage\"},\"image\":{\"@id\":\"http:\/\/abayanalistas.net\/es\/conceptual-fluid-design\/#primaryimage\"},\"thumbnailUrl\":\"http:\/\/abayanalistas.net\/es\/wp-content\/uploads\/cepesonce.jpg\",\"datePublished\":\"2015-06-30T17:10:24+00:00\",\"dateModified\":\"2021-04-13T10:03:27+00:00\",\"description\":\"En 2015 Abay Analistas present\u00f3 el estudio hecho para la Fundaci\u00f3n ONCE \\\"Las empresas de la Econom\u00eda Social como palanca de creaci\u00f3n de empleo para las personas con discapacidad\\\".\",\"breadcrumb\":{\"@id\":\"http:\/\/abayanalistas.net\/es\/conceptual-fluid-design\/#breadcrumb\"},\"inLanguage\":\"es\",\"potentialAction\":[{\"@type\":\"ReadAction\",\"target\":[\"http:\/\/abayanalistas.net\/es\/conceptual-fluid-design\/\"]}]},{\"@type\":\"ImageObject\",\"inLanguage\":\"es\",\"@id\":\"http:\/\/abayanalistas.net\/es\/conceptual-fluid-design\/#primaryimage\",\"url\":\"http:\/\/abayanalistas.net\/es\/wp-content\/uploads\/cepesonce.jpg\",\"contentUrl\":\"http:\/\/abayanalistas.net\/es\/wp-content\/uploads\/cepesonce.jpg\",\"width\":600,\"height\":424,\"caption\":\"cepesonce\"},{\"@type\":\"BreadcrumbList\",\"@id\":\"http:\/\/abayanalistas.net\/es\/conceptual-fluid-design\/#breadcrumb\",\"itemListElement\":[{\"@type\":\"ListItem\",\"position\":1,\"name\":\"Portada\",\"item\":\"https:\/\/abayanalistas.net\/es\/\"},{\"@type\":\"ListItem\",\"position\":2,\"name\":\"Presentaciones del Estudio realizado para la Fundaci\u00f3n ONCE\"}]},{\"@type\":\"WebSite\",\"@id\":\"https:\/\/abayanalistas.net\/es\/#website\",\"url\":\"https:\/\/abayanalistas.net\/es\/\",\"name\":\"Abay Analistas\",\"description\":\"Analistas econ\u00f3micos y sociales\",\"publisher\":{\"@id\":\"https:\/\/abayanalistas.net\/es\/#organization\"},\"potentialAction\":[{\"@type\":\"SearchAction\",\"target\":{\"@type\":\"EntryPoint\",\"urlTemplate\":\"https:\/\/abayanalistas.net\/es\/?s={search_term_string}\"},\"query-input\":{\"@type\":\"PropertyValueSpecification\",\"valueRequired\":true,\"valueName\":\"search_term_string\"}}],\"inLanguage\":\"es\"},{\"@type\":\"Organization\",\"@id\":\"https:\/\/abayanalistas.net\/es\/#organization\",\"name\":\"Abay Analistas\",\"url\":\"https:\/\/abayanalistas.net\/es\/\",\"logo\":{\"@type\":\"ImageObject\",\"inLanguage\":\"es\",\"@id\":\"https:\/\/abayanalistas.net\/es\/#\/schema\/logo\/image\/\",\"url\":\"https:\/\/i0.wp.com\/abayanalistas.net\/es\/wp-content\/uploads\/Logo_Abay_Retina.png?fit=280%2C96&ssl=1\",\"contentUrl\":\"https:\/\/i0.wp.com\/abayanalistas.net\/es\/wp-content\/uploads\/Logo_Abay_Retina.png?fit=280%2C96&ssl=1\",\"width\":280,\"height\":96,\"caption\":\"Abay Analistas\"},\"image\":{\"@id\":\"https:\/\/abayanalistas.net\/es\/#\/schema\/logo\/image\/\"},\"sameAs\":[\"https:\/\/x.com\/abayanalistas\",\"https:\/\/www.linkedin.com\/company\/abay-analistas?trk=biz-companies-cym\"]},{\"@type\":\"Person\",\"@id\":\"https:\/\/abayanalistas.net\/es\/#\/schema\/person\/e606ae20a7be8e0a0b8a7c999a938b84\",\"name\":\"Abay\"}]}<\/script>\n<!-- \/ Yoast SEO plugin. -->","yoast_head_json":{"title":"Presentaciones del Estudio realizado para la ONCE- Abay Analistas","description":"En 2015 Abay Analistas present\u00f3 el estudio hecho para la Fundaci\u00f3n ONCE \"Las empresas de la Econom\u00eda Social como palanca de creaci\u00f3n de empleo para las personas con discapacidad\".","robots":{"index":"index","follow":"follow","max-snippet":"max-snippet:-1","max-image-preview":"max-image-preview:large","max-video-preview":"max-video-preview:-1"},"canonical":"http:\/\/abayanalistas.net\/es\/conceptual-fluid-design\/","og_locale":"es_ES","og_type":"article","og_title":"Presentaciones del Estudio realizado para la ONCE- Abay Analistas","og_description":"En 2015 Abay Analistas present\u00f3 el estudio hecho para la Fundaci\u00f3n ONCE \"Las empresas de la Econom\u00eda Social como palanca de creaci\u00f3n de empleo para las personas con discapacidad\".","og_url":"http:\/\/abayanalistas.net\/es\/conceptual-fluid-design\/","og_site_name":"Abay Analistas","article_published_time":"2015-06-30T17:10:24+00:00","article_modified_time":"2021-04-13T10:03:27+00:00","og_image":[{"width":600,"height":424,"url":"http:\/\/abayanalistas.net\/es\/wp-content\/uploads\/cepesonce.jpg","type":"image\/jpeg"}],"author":"Abay","twitter_card":"summary_large_image","twitter_creator":"@abayanalistas","twitter_site":"@abayanalistas","twitter_misc":{"Escrito por":"Abay","Tiempo de lectura":"5 minutos"},"schema":{"@context":"https:\/\/schema.org","@graph":[{"@type":"Article","@id":"http:\/\/abayanalistas.net\/es\/conceptual-fluid-design\/#article","isPartOf":{"@id":"http:\/\/abayanalistas.net\/es\/conceptual-fluid-design\/"},"author":{"name":"Abay","@id":"https:\/\/abayanalistas.net\/es\/#\/schema\/person\/e606ae20a7be8e0a0b8a7c999a938b84"},"headline":"Presentaciones del Estudio realizado para la Fundaci\u00f3n ONCE","datePublished":"2015-06-30T17:10:24+00:00","dateModified":"2021-04-13T10:03:27+00:00","mainEntityOfPage":{"@id":"http:\/\/abayanalistas.net\/es\/conceptual-fluid-design\/"},"wordCount":1009,"publisher":{"@id":"https:\/\/abayanalistas.net\/es\/#organization"},"image":{"@id":"http:\/\/abayanalistas.net\/es\/conceptual-fluid-design\/#primaryimage"},"thumbnailUrl":"http:\/\/abayanalistas.net\/es\/wp-content\/uploads\/cepesonce.jpg","articleSection":["Presentaciones de informes"],"inLanguage":"es"},{"@type":"WebPage","@id":"http:\/\/abayanalistas.net\/es\/conceptual-fluid-design\/","url":"http:\/\/abayanalistas.net\/es\/conceptual-fluid-design\/","name":"Presentaciones del Estudio realizado para la ONCE- Abay Analistas","isPartOf":{"@id":"https:\/\/abayanalistas.net\/es\/#website"},"primaryImageOfPage":{"@id":"http:\/\/abayanalistas.net\/es\/conceptual-fluid-design\/#primaryimage"},"image":{"@id":"http:\/\/abayanalistas.net\/es\/conceptual-fluid-design\/#primaryimage"},"thumbnailUrl":"http:\/\/abayanalistas.net\/es\/wp-content\/uploads\/cepesonce.jpg","datePublished":"2015-06-30T17:10:24+00:00","dateModified":"2021-04-13T10:03:27+00:00","description":"En 2015 Abay Analistas present\u00f3 el estudio hecho para la Fundaci\u00f3n ONCE \"Las empresas de la Econom\u00eda Social como palanca de creaci\u00f3n de empleo para las personas con discapacidad\".","breadcrumb":{"@id":"http:\/\/abayanalistas.net\/es\/conceptual-fluid-design\/#breadcrumb"},"inLanguage":"es","potentialAction":[{"@type":"ReadAction","target":["http:\/\/abayanalistas.net\/es\/conceptual-fluid-design\/"]}]},{"@type":"ImageObject","inLanguage":"es","@id":"http:\/\/abayanalistas.net\/es\/conceptual-fluid-design\/#primaryimage","url":"http:\/\/abayanalistas.net\/es\/wp-content\/uploads\/cepesonce.jpg","contentUrl":"http:\/\/abayanalistas.net\/es\/wp-content\/uploads\/cepesonce.jpg","width":600,"height":424,"caption":"cepesonce"},{"@type":"BreadcrumbList","@id":"http:\/\/abayanalistas.net\/es\/conceptual-fluid-design\/#breadcrumb","itemListElement":[{"@type":"ListItem","position":1,"name":"Portada","item":"https:\/\/abayanalistas.net\/es\/"},{"@type":"ListItem","position":2,"name":"Presentaciones del Estudio realizado para la Fundaci\u00f3n ONCE"}]},{"@type":"WebSite","@id":"https:\/\/abayanalistas.net\/es\/#website","url":"https:\/\/abayanalistas.net\/es\/","name":"Abay Analistas","description":"Analistas econ\u00f3micos y sociales","publisher":{"@id":"https:\/\/abayanalistas.net\/es\/#organization"},"potentialAction":[{"@type":"SearchAction","target":{"@type":"EntryPoint","urlTemplate":"https:\/\/abayanalistas.net\/es\/?s={search_term_string}"},"query-input":{"@type":"PropertyValueSpecification","valueRequired":true,"valueName":"search_term_string"}}],"inLanguage":"es"},{"@type":"Organization","@id":"https:\/\/abayanalistas.net\/es\/#organization","name":"Abay Analistas","url":"https:\/\/abayanalistas.net\/es\/","logo":{"@type":"ImageObject","inLanguage":"es","@id":"https:\/\/abayanalistas.net\/es\/#\/schema\/logo\/image\/","url":"https:\/\/i0.wp.com\/abayanalistas.net\/es\/wp-content\/uploads\/Logo_Abay_Retina.png?fit=280%2C96&ssl=1","contentUrl":"https:\/\/i0.wp.com\/abayanalistas.net\/es\/wp-content\/uploads\/Logo_Abay_Retina.png?fit=280%2C96&ssl=1","width":280,"height":96,"caption":"Abay Analistas"},"image":{"@id":"https:\/\/abayanalistas.net\/es\/#\/schema\/logo\/image\/"},"sameAs":["https:\/\/x.com\/abayanalistas","https:\/\/www.linkedin.com\/company\/abay-analistas?trk=biz-companies-cym"]},{"@type":"Person","@id":"https:\/\/abayanalistas.net\/es\/#\/schema\/person\/e606ae20a7be8e0a0b8a7c999a938b84","name":"Abay"}]}},"_links":{"self":[{"href":"http:\/\/abayanalistas.net\/es\/wp-json\/wp\/v2\/posts\/482"}],"collection":[{"href":"http:\/\/abayanalistas.net\/es\/wp-json\/wp\/v2\/posts"}],"about":[{"href":"http:\/\/abayanalistas.net\/es\/wp-json\/wp\/v2\/types\/post"}],"author":[{"embeddable":true,"href":"http:\/\/abayanalistas.net\/es\/wp-json\/wp\/v2\/users\/1"}],"replies":[{"embeddable":true,"href":"http:\/\/abayanalistas.net\/es\/wp-json\/wp\/v2\/comments?post=482"}],"version-history":[{"count":21,"href":"http:\/\/abayanalistas.net\/es\/wp-json\/wp\/v2\/posts\/482\/revisions"}],"predecessor-version":[{"id":3521,"href":"http:\/\/abayanalistas.net\/es\/wp-json\/wp\/v2\/posts\/482\/revisions\/3521"}],"wp:featuredmedia":[{"embeddable":true,"href":"http:\/\/abayanalistas.net\/es\/wp-json\/wp\/v2\/media\/848"}],"wp:attachment":[{"href":"http:\/\/abayanalistas.net\/es\/wp-json\/wp\/v2\/media?parent=482"}],"wp:term":[{"taxonomy":"category","embeddable":true,"href":"http:\/\/abayanalistas.net\/es\/wp-json\/wp\/v2\/categories?post=482"},{"taxonomy":"post_tag","embeddable":true,"href":"http:\/\/abayanalistas.net\/es\/wp-json\/wp\/v2\/tags?post=482"}],"curies":[{"name":"wp","href":"https:\/\/api.w.org\/{rel}","templated":true}]}}