{"id":3654,"date":"2021-09-08T12:48:51","date_gmt":"2021-09-08T12:48:51","guid":{"rendered":"https:\/\/abayanalistas.net\/es\/?p=3654"},"modified":"2021-11-24T12:31:09","modified_gmt":"2021-11-24T12:31:09","slug":"seleccion-de-nuestro-trabajo-como-caso-de-estudio-de-la-ocde","status":"publish","type":"post","link":"http:\/\/abayanalistas.net\/es\/seleccion-de-nuestro-trabajo-como-caso-de-estudio-de-la-ocde\/","title":{"rendered":"Selecci\u00f3n de nuestro trabajo como caso de estudio por la OCDE"},"content":{"rendered":"<div class=\"fusion-fullwidth fullwidth-box fusion-builder-row-1 nonhundred-percent-fullwidth non-hundred-percent-height-scrolling\" style=\"background-color: rgba(255,255,255,0);background-position: left top;background-repeat: no-repeat;padding-top:20px;padding-right:0px;padding-bottom:20px;padding-left:0px;margin-bottom: 0px;margin-top: 0px;border-width: 0px 0px 0px 0px;border-color:#eae9e9;border-style:solid;\" ><div class=\"fusion-builder-row fusion-row\"><div class=\"fusion-layout-column fusion_builder_column fusion-builder-column-0 fusion_builder_column_1_1 1_1 fusion-one-full fusion-column-first fusion-column-last fusion-column-no-min-height\" style=\"margin-top:0px;margin-bottom:0px;\"><div class=\"fusion-column-wrapper fusion-flex-column-wrapper-legacy\" style=\"background-position:left top;background-repeat:no-repeat;-webkit-background-size:cover;-moz-background-size:cover;-o-background-size:cover;background-size:cover;padding: 0px 0px 0px 0px;\"><div class=\"fusion-text fusion-text-1\"><p>Nuestro art\u00edculo: CASTRO, R.B., SANTERO,R., MART\u00cdNEZ, M.I., &amp; DE DIEGO, P. (2020): \u201cFrom the economic to the social contribution of the social economy. Monetary assessment of the social value created for the Spanish economy\u201d \u00a0ha sido seleccionado como caso de estudio por la OCDE, a partir de su foro OECD Global Action \u201cPromoting Social &amp; Solidarity Ecosystems\u201d<\/p>\n<\/div><div class=\"fusion-button-wrapper\"><style type=\"text\/css\">.fusion-button.button-1 {border-radius:0px;}<\/style><a class=\"fusion-button button-flat fusion-button-default-size button-default button-1 fusion-button-default-span fusion-button-default-type\" target=\"_blank\" rel=\"noopener noreferrer\" href=\"https:\/\/cdn-assets.inwink.com\/e34b7337-d151-4294-a09a-36038b91b434\/14416be0-0653-400c-a410-bbad3dba643b?sv=2018-03-28&amp;sr=b&amp;sig=XcPKpfgiegb37HcxkrpYYm7xrihDged79mLPKVXPfe0%3D&amp;se=9999-12-31T23%3A59%3A59Z&amp;sp=r&amp;rscd=inline%3B%20filename%3D%22Beyond-traditional-strategies-in-the-assessment-of-SSE-Impact.pdf%22\"><span class=\"fusion-button-text\">VER PUBLICACI\u00d3N<\/span><\/a><\/div><div class=\"fusion-clearfix\"><\/div><\/div><\/div><\/div><\/div>\n","protected":false},"excerpt":{"rendered":"","protected":false},"author":1,"featured_media":3656,"comment_status":"closed","ping_status":"closed","sticky":false,"template":"","format":"standard","meta":{"footnotes":""},"categories":[33,50],"tags":[],"yoast_head":"<!-- This site is optimized with the Yoast SEO plugin v24.5 - https:\/\/yoast.com\/wordpress\/plugins\/seo\/ -->\n<title>Selecci\u00f3n de nuestro trabajo como caso de estudio por la OCDE - Abay Analistas<\/title>\n<meta name=\"description\" content=\"Nuestro art\u00edculo: CASTRO, R.B., SANTERO,R., MART\u00cdNEZ, M.I., &amp; DE DIEGO, P. (2020): \u201cFrom the economic to the social contribution of the social economy. Monetary assessment of the social value created for the Spanish economy\u201d \u00a0ha sido seleccionado como caso de estudio por la OCDE, a partir de su foro OECD Global Action \u201cPromoting Social &amp; Solidarity Ecosystems\u201d\" \/>\n<meta name=\"robots\" content=\"index, follow, max-snippet:-1, max-image-preview:large, max-video-preview:-1\" \/>\n<link rel=\"canonical\" href=\"http:\/\/abayanalistas.net\/es\/seleccion-de-nuestro-trabajo-como-caso-de-estudio-de-la-ocde\/\" \/>\n<meta property=\"og:locale\" content=\"es_ES\" \/>\n<meta property=\"og:type\" content=\"article\" \/>\n<meta property=\"og:title\" content=\"Selecci\u00f3n de nuestro trabajo como caso de estudio por la OCDE - Abay Analistas\" \/>\n<meta property=\"og:description\" content=\"Nuestro art\u00edculo: CASTRO, R.B., SANTERO,R., MART\u00cdNEZ, M.I., &amp; DE DIEGO, P. (2020): \u201cFrom the economic to the social contribution of the social economy. Monetary assessment of the social value created for the Spanish economy\u201d \u00a0ha sido seleccionado como caso de estudio por la OCDE, a partir de su foro OECD Global Action \u201cPromoting Social &amp; Solidarity Ecosystems\u201d\" \/>\n<meta property=\"og:url\" content=\"http:\/\/abayanalistas.net\/es\/seleccion-de-nuestro-trabajo-como-caso-de-estudio-de-la-ocde\/\" \/>\n<meta property=\"og:site_name\" content=\"Abay Analistas\" \/>\n<meta property=\"article:published_time\" content=\"2021-09-08T12:48:51+00:00\" \/>\n<meta property=\"article:modified_time\" content=\"2021-11-24T12:31:09+00:00\" \/>\n<meta property=\"og:image\" content=\"http:\/\/abayanalistas.net\/es\/wp-content\/uploads\/OCDE.png\" \/>\n\t<meta property=\"og:image:width\" content=\"767\" \/>\n\t<meta property=\"og:image:height\" content=\"561\" \/>\n\t<meta property=\"og:image:type\" content=\"image\/png\" \/>\n<meta name=\"author\" content=\"Abay\" \/>\n<meta name=\"twitter:card\" content=\"summary_large_image\" \/>\n<meta name=\"twitter:creator\" content=\"@abayanalistas\" \/>\n<meta name=\"twitter:site\" content=\"@abayanalistas\" \/>\n<meta name=\"twitter:label1\" content=\"Escrito por\" \/>\n\t<meta name=\"twitter:data1\" content=\"Abay\" \/>\n\t<meta name=\"twitter:label2\" content=\"Tiempo de lectura\" \/>\n\t<meta name=\"twitter:data2\" content=\"1 minuto\" \/>\n<script type=\"application\/ld+json\" class=\"yoast-schema-graph\">{\"@context\":\"https:\/\/schema.org\",\"@graph\":[{\"@type\":\"Article\",\"@id\":\"http:\/\/abayanalistas.net\/es\/seleccion-de-nuestro-trabajo-como-caso-de-estudio-de-la-ocde\/#article\",\"isPartOf\":{\"@id\":\"http:\/\/abayanalistas.net\/es\/seleccion-de-nuestro-trabajo-como-caso-de-estudio-de-la-ocde\/\"},\"author\":{\"name\":\"Abay\",\"@id\":\"https:\/\/abayanalistas.net\/es\/#\/schema\/person\/e606ae20a7be8e0a0b8a7c999a938b84\"},\"headline\":\"Selecci\u00f3n de nuestro trabajo como caso de estudio por la OCDE\",\"datePublished\":\"2021-09-08T12:48:51+00:00\",\"dateModified\":\"2021-11-24T12:31:09+00:00\",\"mainEntityOfPage\":{\"@id\":\"http:\/\/abayanalistas.net\/es\/seleccion-de-nuestro-trabajo-como-caso-de-estudio-de-la-ocde\/\"},\"wordCount\":449,\"publisher\":{\"@id\":\"https:\/\/abayanalistas.net\/es\/#organization\"},\"image\":{\"@id\":\"http:\/\/abayanalistas.net\/es\/seleccion-de-nuestro-trabajo-como-caso-de-estudio-de-la-ocde\/#primaryimage\"},\"thumbnailUrl\":\"http:\/\/abayanalistas.net\/es\/wp-content\/uploads\/OCDE.png\",\"articleSection\":[\"Menciones, premios o reconocimientos\",\"Noticia\"],\"inLanguage\":\"es\"},{\"@type\":\"WebPage\",\"@id\":\"http:\/\/abayanalistas.net\/es\/seleccion-de-nuestro-trabajo-como-caso-de-estudio-de-la-ocde\/\",\"url\":\"http:\/\/abayanalistas.net\/es\/seleccion-de-nuestro-trabajo-como-caso-de-estudio-de-la-ocde\/\",\"name\":\"Selecci\u00f3n de nuestro trabajo como caso de estudio por la OCDE - Abay Analistas\",\"isPartOf\":{\"@id\":\"https:\/\/abayanalistas.net\/es\/#website\"},\"primaryImageOfPage\":{\"@id\":\"http:\/\/abayanalistas.net\/es\/seleccion-de-nuestro-trabajo-como-caso-de-estudio-de-la-ocde\/#primaryimage\"},\"image\":{\"@id\":\"http:\/\/abayanalistas.net\/es\/seleccion-de-nuestro-trabajo-como-caso-de-estudio-de-la-ocde\/#primaryimage\"},\"thumbnailUrl\":\"http:\/\/abayanalistas.net\/es\/wp-content\/uploads\/OCDE.png\",\"datePublished\":\"2021-09-08T12:48:51+00:00\",\"dateModified\":\"2021-11-24T12:31:09+00:00\",\"description\":\"Nuestro art\u00edculo: CASTRO, R.B., SANTERO,R., MART\u00cdNEZ, M.I., & DE DIEGO, P. (2020): \u201cFrom the economic to the social contribution of the social economy. Monetary assessment of the social value created for the Spanish economy\u201d \u00a0ha sido seleccionado como caso de estudio por la OCDE, a partir de su foro OECD Global Action \u201cPromoting Social & Solidarity Ecosystems\u201d\",\"breadcrumb\":{\"@id\":\"http:\/\/abayanalistas.net\/es\/seleccion-de-nuestro-trabajo-como-caso-de-estudio-de-la-ocde\/#breadcrumb\"},\"inLanguage\":\"es\",\"potentialAction\":[{\"@type\":\"ReadAction\",\"target\":[\"http:\/\/abayanalistas.net\/es\/seleccion-de-nuestro-trabajo-como-caso-de-estudio-de-la-ocde\/\"]}]},{\"@type\":\"ImageObject\",\"inLanguage\":\"es\",\"@id\":\"http:\/\/abayanalistas.net\/es\/seleccion-de-nuestro-trabajo-como-caso-de-estudio-de-la-ocde\/#primaryimage\",\"url\":\"http:\/\/abayanalistas.net\/es\/wp-content\/uploads\/OCDE.png\",\"contentUrl\":\"http:\/\/abayanalistas.net\/es\/wp-content\/uploads\/OCDE.png\",\"width\":767,\"height\":561,\"caption\":\"OCDE\"},{\"@type\":\"BreadcrumbList\",\"@id\":\"http:\/\/abayanalistas.net\/es\/seleccion-de-nuestro-trabajo-como-caso-de-estudio-de-la-ocde\/#breadcrumb\",\"itemListElement\":[{\"@type\":\"ListItem\",\"position\":1,\"name\":\"Portada\",\"item\":\"https:\/\/abayanalistas.net\/es\/\"},{\"@type\":\"ListItem\",\"position\":2,\"name\":\"Selecci\u00f3n de nuestro trabajo como caso de estudio por la OCDE\"}]},{\"@type\":\"WebSite\",\"@id\":\"https:\/\/abayanalistas.net\/es\/#website\",\"url\":\"https:\/\/abayanalistas.net\/es\/\",\"name\":\"Abay Analistas\",\"description\":\"Analistas econ\u00f3micos y sociales\",\"publisher\":{\"@id\":\"https:\/\/abayanalistas.net\/es\/#organization\"},\"potentialAction\":[{\"@type\":\"SearchAction\",\"target\":{\"@type\":\"EntryPoint\",\"urlTemplate\":\"https:\/\/abayanalistas.net\/es\/?s={search_term_string}\"},\"query-input\":{\"@type\":\"PropertyValueSpecification\",\"valueRequired\":true,\"valueName\":\"search_term_string\"}}],\"inLanguage\":\"es\"},{\"@type\":\"Organization\",\"@id\":\"https:\/\/abayanalistas.net\/es\/#organization\",\"name\":\"Abay Analistas\",\"url\":\"https:\/\/abayanalistas.net\/es\/\",\"logo\":{\"@type\":\"ImageObject\",\"inLanguage\":\"es\",\"@id\":\"https:\/\/abayanalistas.net\/es\/#\/schema\/logo\/image\/\",\"url\":\"https:\/\/i0.wp.com\/abayanalistas.net\/es\/wp-content\/uploads\/Logo_Abay_Retina.png?fit=280%2C96&ssl=1\",\"contentUrl\":\"https:\/\/i0.wp.com\/abayanalistas.net\/es\/wp-content\/uploads\/Logo_Abay_Retina.png?fit=280%2C96&ssl=1\",\"width\":280,\"height\":96,\"caption\":\"Abay Analistas\"},\"image\":{\"@id\":\"https:\/\/abayanalistas.net\/es\/#\/schema\/logo\/image\/\"},\"sameAs\":[\"https:\/\/x.com\/abayanalistas\",\"https:\/\/www.linkedin.com\/company\/abay-analistas?trk=biz-companies-cym\"]},{\"@type\":\"Person\",\"@id\":\"https:\/\/abayanalistas.net\/es\/#\/schema\/person\/e606ae20a7be8e0a0b8a7c999a938b84\",\"name\":\"Abay\"}]}<\/script>\n<!-- \/ Yoast SEO plugin. -->","yoast_head_json":{"title":"Selecci\u00f3n de nuestro trabajo como caso de estudio por la OCDE - Abay Analistas","description":"Nuestro art\u00edculo: CASTRO, R.B., SANTERO,R., MART\u00cdNEZ, M.I., & DE DIEGO, P. (2020): \u201cFrom the economic to the social contribution of the social economy. Monetary assessment of the social value created for the Spanish economy\u201d \u00a0ha sido seleccionado como caso de estudio por la OCDE, a partir de su foro OECD Global Action \u201cPromoting Social & Solidarity Ecosystems\u201d","robots":{"index":"index","follow":"follow","max-snippet":"max-snippet:-1","max-image-preview":"max-image-preview:large","max-video-preview":"max-video-preview:-1"},"canonical":"http:\/\/abayanalistas.net\/es\/seleccion-de-nuestro-trabajo-como-caso-de-estudio-de-la-ocde\/","og_locale":"es_ES","og_type":"article","og_title":"Selecci\u00f3n de nuestro trabajo como caso de estudio por la OCDE - Abay Analistas","og_description":"Nuestro art\u00edculo: CASTRO, R.B., SANTERO,R., MART\u00cdNEZ, M.I., & DE DIEGO, P. (2020): \u201cFrom the economic to the social contribution of the social economy. Monetary assessment of the social value created for the Spanish economy\u201d \u00a0ha sido seleccionado como caso de estudio por la OCDE, a partir de su foro OECD Global Action \u201cPromoting Social & Solidarity Ecosystems\u201d","og_url":"http:\/\/abayanalistas.net\/es\/seleccion-de-nuestro-trabajo-como-caso-de-estudio-de-la-ocde\/","og_site_name":"Abay Analistas","article_published_time":"2021-09-08T12:48:51+00:00","article_modified_time":"2021-11-24T12:31:09+00:00","og_image":[{"width":767,"height":561,"url":"http:\/\/abayanalistas.net\/es\/wp-content\/uploads\/OCDE.png","type":"image\/png"}],"author":"Abay","twitter_card":"summary_large_image","twitter_creator":"@abayanalistas","twitter_site":"@abayanalistas","twitter_misc":{"Escrito por":"Abay","Tiempo de lectura":"1 minuto"},"schema":{"@context":"https:\/\/schema.org","@graph":[{"@type":"Article","@id":"http:\/\/abayanalistas.net\/es\/seleccion-de-nuestro-trabajo-como-caso-de-estudio-de-la-ocde\/#article","isPartOf":{"@id":"http:\/\/abayanalistas.net\/es\/seleccion-de-nuestro-trabajo-como-caso-de-estudio-de-la-ocde\/"},"author":{"name":"Abay","@id":"https:\/\/abayanalistas.net\/es\/#\/schema\/person\/e606ae20a7be8e0a0b8a7c999a938b84"},"headline":"Selecci\u00f3n de nuestro trabajo como caso de estudio por la OCDE","datePublished":"2021-09-08T12:48:51+00:00","dateModified":"2021-11-24T12:31:09+00:00","mainEntityOfPage":{"@id":"http:\/\/abayanalistas.net\/es\/seleccion-de-nuestro-trabajo-como-caso-de-estudio-de-la-ocde\/"},"wordCount":449,"publisher":{"@id":"https:\/\/abayanalistas.net\/es\/#organization"},"image":{"@id":"http:\/\/abayanalistas.net\/es\/seleccion-de-nuestro-trabajo-como-caso-de-estudio-de-la-ocde\/#primaryimage"},"thumbnailUrl":"http:\/\/abayanalistas.net\/es\/wp-content\/uploads\/OCDE.png","articleSection":["Menciones, premios o reconocimientos","Noticia"],"inLanguage":"es"},{"@type":"WebPage","@id":"http:\/\/abayanalistas.net\/es\/seleccion-de-nuestro-trabajo-como-caso-de-estudio-de-la-ocde\/","url":"http:\/\/abayanalistas.net\/es\/seleccion-de-nuestro-trabajo-como-caso-de-estudio-de-la-ocde\/","name":"Selecci\u00f3n de nuestro trabajo como caso de estudio por la OCDE - Abay Analistas","isPartOf":{"@id":"https:\/\/abayanalistas.net\/es\/#website"},"primaryImageOfPage":{"@id":"http:\/\/abayanalistas.net\/es\/seleccion-de-nuestro-trabajo-como-caso-de-estudio-de-la-ocde\/#primaryimage"},"image":{"@id":"http:\/\/abayanalistas.net\/es\/seleccion-de-nuestro-trabajo-como-caso-de-estudio-de-la-ocde\/#primaryimage"},"thumbnailUrl":"http:\/\/abayanalistas.net\/es\/wp-content\/uploads\/OCDE.png","datePublished":"2021-09-08T12:48:51+00:00","dateModified":"2021-11-24T12:31:09+00:00","description":"Nuestro art\u00edculo: CASTRO, R.B., SANTERO,R., MART\u00cdNEZ, M.I., & DE DIEGO, P. (2020): \u201cFrom the economic to the social contribution of the social economy. Monetary assessment of the social value created for the Spanish economy\u201d \u00a0ha sido seleccionado como caso de estudio por la OCDE, a partir de su foro OECD Global Action \u201cPromoting Social & Solidarity Ecosystems\u201d","breadcrumb":{"@id":"http:\/\/abayanalistas.net\/es\/seleccion-de-nuestro-trabajo-como-caso-de-estudio-de-la-ocde\/#breadcrumb"},"inLanguage":"es","potentialAction":[{"@type":"ReadAction","target":["http:\/\/abayanalistas.net\/es\/seleccion-de-nuestro-trabajo-como-caso-de-estudio-de-la-ocde\/"]}]},{"@type":"ImageObject","inLanguage":"es","@id":"http:\/\/abayanalistas.net\/es\/seleccion-de-nuestro-trabajo-como-caso-de-estudio-de-la-ocde\/#primaryimage","url":"http:\/\/abayanalistas.net\/es\/wp-content\/uploads\/OCDE.png","contentUrl":"http:\/\/abayanalistas.net\/es\/wp-content\/uploads\/OCDE.png","width":767,"height":561,"caption":"OCDE"},{"@type":"BreadcrumbList","@id":"http:\/\/abayanalistas.net\/es\/seleccion-de-nuestro-trabajo-como-caso-de-estudio-de-la-ocde\/#breadcrumb","itemListElement":[{"@type":"ListItem","position":1,"name":"Portada","item":"https:\/\/abayanalistas.net\/es\/"},{"@type":"ListItem","position":2,"name":"Selecci\u00f3n de nuestro trabajo como caso de estudio por la OCDE"}]},{"@type":"WebSite","@id":"https:\/\/abayanalistas.net\/es\/#website","url":"https:\/\/abayanalistas.net\/es\/","name":"Abay Analistas","description":"Analistas econ\u00f3micos y sociales","publisher":{"@id":"https:\/\/abayanalistas.net\/es\/#organization"},"potentialAction":[{"@type":"SearchAction","target":{"@type":"EntryPoint","urlTemplate":"https:\/\/abayanalistas.net\/es\/?s={search_term_string}"},"query-input":{"@type":"PropertyValueSpecification","valueRequired":true,"valueName":"search_term_string"}}],"inLanguage":"es"},{"@type":"Organization","@id":"https:\/\/abayanalistas.net\/es\/#organization","name":"Abay Analistas","url":"https:\/\/abayanalistas.net\/es\/","logo":{"@type":"ImageObject","inLanguage":"es","@id":"https:\/\/abayanalistas.net\/es\/#\/schema\/logo\/image\/","url":"https:\/\/i0.wp.com\/abayanalistas.net\/es\/wp-content\/uploads\/Logo_Abay_Retina.png?fit=280%2C96&ssl=1","contentUrl":"https:\/\/i0.wp.com\/abayanalistas.net\/es\/wp-content\/uploads\/Logo_Abay_Retina.png?fit=280%2C96&ssl=1","width":280,"height":96,"caption":"Abay Analistas"},"image":{"@id":"https:\/\/abayanalistas.net\/es\/#\/schema\/logo\/image\/"},"sameAs":["https:\/\/x.com\/abayanalistas","https:\/\/www.linkedin.com\/company\/abay-analistas?trk=biz-companies-cym"]},{"@type":"Person","@id":"https:\/\/abayanalistas.net\/es\/#\/schema\/person\/e606ae20a7be8e0a0b8a7c999a938b84","name":"Abay"}]}},"_links":{"self":[{"href":"http:\/\/abayanalistas.net\/es\/wp-json\/wp\/v2\/posts\/3654"}],"collection":[{"href":"http:\/\/abayanalistas.net\/es\/wp-json\/wp\/v2\/posts"}],"about":[{"href":"http:\/\/abayanalistas.net\/es\/wp-json\/wp\/v2\/types\/post"}],"author":[{"embeddable":true,"href":"http:\/\/abayanalistas.net\/es\/wp-json\/wp\/v2\/users\/1"}],"replies":[{"embeddable":true,"href":"http:\/\/abayanalistas.net\/es\/wp-json\/wp\/v2\/comments?post=3654"}],"version-history":[{"count":7,"href":"http:\/\/abayanalistas.net\/es\/wp-json\/wp\/v2\/posts\/3654\/revisions"}],"predecessor-version":[{"id":3667,"href":"http:\/\/abayanalistas.net\/es\/wp-json\/wp\/v2\/posts\/3654\/revisions\/3667"}],"wp:featuredmedia":[{"embeddable":true,"href":"http:\/\/abayanalistas.net\/es\/wp-json\/wp\/v2\/media\/3656"}],"wp:attachment":[{"href":"http:\/\/abayanalistas.net\/es\/wp-json\/wp\/v2\/media?parent=3654"}],"wp:term":[{"taxonomy":"category","embeddable":true,"href":"http:\/\/abayanalistas.net\/es\/wp-json\/wp\/v2\/categories?post=3654"},{"taxonomy":"post_tag","embeddable":true,"href":"http:\/\/abayanalistas.net\/es\/wp-json\/wp\/v2\/tags?post=3654"}],"curies":[{"name":"wp","href":"https:\/\/api.w.org\/{rel}","templated":true}]}}