{"id":3243,"date":"2018-11-15T10:09:40","date_gmt":"2018-11-15T10:09:40","guid":{"rendered":"http:\/\/abayanalistas.net\/es\/?p=3243"},"modified":"2023-08-23T11:07:21","modified_gmt":"2023-08-23T11:07:21","slug":"colaboracion-en-la-redaccion-del-libro-la-internacionalizacion-de-la-empresa-espanola-situacion-y-propuestas","status":"publish","type":"post","link":"http:\/\/abayanalistas.net\/es\/colaboracion-en-la-redaccion-del-libro-la-internacionalizacion-de-la-empresa-espanola-situacion-y-propuestas\/","title":{"rendered":"Colaboraci\u00f3n en la elaboraci\u00f3n de un cap\u00edtulo del libro \u00abLa internacionalizaci\u00f3n de la empresa espa\u00f1ola: Situaci\u00f3n y propuestas\u00bb"},"content":{"rendered":"<div class=\"fusion-fullwidth fullwidth-box fusion-builder-row-1 nonhundred-percent-fullwidth non-hundred-percent-height-scrolling\" style=\"background-color: rgba(255,255,255,0);background-position: center center;background-repeat: no-repeat;padding-top:20px;padding-right:0px;padding-bottom:20px;padding-left:0px;margin-bottom: 0px;margin-top: 0px;border-width: 0px 0px 0px 0px;border-color:#eae9e9;border-style:solid;\" ><div class=\"fusion-builder-row fusion-row\"><div class=\"fusion-layout-column fusion_builder_column fusion-builder-column-0 fusion_builder_column_1_1 1_1 fusion-one-full fusion-column-first fusion-column-last\" style=\"margin-top:0px;margin-bottom:20px;\"><div class=\"fusion-column-wrapper fusion-flex-column-wrapper-legacy\" style=\"background-position:left top;background-repeat:no-repeat;-webkit-background-size:cover;-moz-background-size:cover;-o-background-size:cover;background-size:cover;padding: 0px 0px 0px 0px;\"><div class=\"fusion-text fusion-text-1\"><div class=\"fusion-text fusion-text-1\"><\/div>\n<p>El equipo de Abay ha tenido el gusto de colaborar en la elaboraci\u00f3n del cap\u00edtulo <strong>\u00abNecesidades de las empresas en su proceso de internacionalizaci\u00f3n\u00bb<\/strong> incluido en la nueva obra dirigida por Juan de Lucio titulada <strong>\u00abLa internacionalizaci\u00f3n de la empresa espa\u00f1ola: Situaci\u00f3n y propuestas\u00bb<\/strong> de la editorial Civitas. Este cap\u00edtulo se ha confeccionado a partir de los resultados de la primera fase de la evaluaci\u00f3n de necesidades de actividades de informaci\u00f3n, capacitaci\u00f3n y sensibilizaci\u00f3n orientadas a empresas, supervisada por el Departamento de Evaluaci\u00f3n de ICEX, que tambi\u00e9n ha colaborado en la confecci\u00f3n de dicho cap\u00edtulo.<\/p>\n<p>La obra ya se encuentra en preventa en la p\u00e1gina web de la editorial.<\/p>\n<\/div><div class=\"fusion-button-wrapper\"><style type=\"text\/css\">.fusion-button.button-1 {border-radius:0px;}<\/style><a class=\"fusion-button button-flat fusion-button-default-size button-default button-1 fusion-button-default-span fusion-button-default-type\" target=\"_blank\" rel=\"noopener noreferrer\" href=\"https:\/\/www.thomsonreuters.es\/es\/tienda\/duo-papel-ebook\/la-internacionalizacion-de-la-empresa-espanola--situacion-y-propuestas-duo\/p\/10012891#tab-3\"><i class=\" fa fa-globe button-icon-left\" aria-hidden=\"true\"><\/i><span class=\"fusion-button-text\">VER WEB<\/span><\/a><\/div><div class=\"fusion-clearfix\"><\/div><\/div><\/div><\/div><\/div>\n","protected":false},"excerpt":{"rendered":"","protected":false},"author":1,"featured_media":3254,"comment_status":"closed","ping_status":"closed","sticky":false,"template":"","format":"standard","meta":{"footnotes":""},"categories":[50],"tags":[],"yoast_head":"<!-- This site is optimized with the Yoast SEO plugin v24.5 - https:\/\/yoast.com\/wordpress\/plugins\/seo\/ -->\n<title>Colaboraci\u00f3n en la elaboraci\u00f3n de un cap\u00edtulo del libro - Abay Analistas<\/title>\n<meta name=\"description\" content=\"Descubre cual fue nuestro papel en la colaboraci\u00f3n del libro La internacionalizaci\u00f3n de la empresa espa\u00f1ola: Situaci\u00f3n y propuestas \u00a1Entra!\" \/>\n<meta name=\"robots\" content=\"index, follow, max-snippet:-1, max-image-preview:large, max-video-preview:-1\" \/>\n<link rel=\"canonical\" href=\"http:\/\/abayanalistas.net\/es\/colaboracion-en-la-redaccion-del-libro-la-internacionalizacion-de-la-empresa-espanola-situacion-y-propuestas\/\" \/>\n<meta property=\"og:locale\" content=\"es_ES\" \/>\n<meta property=\"og:type\" content=\"article\" \/>\n<meta property=\"og:title\" content=\"Colaboraci\u00f3n en la elaboraci\u00f3n de un cap\u00edtulo del libro - Abay Analistas\" \/>\n<meta property=\"og:description\" content=\"Descubre cual fue nuestro papel en la colaboraci\u00f3n del libro La internacionalizaci\u00f3n de la empresa espa\u00f1ola: Situaci\u00f3n y propuestas \u00a1Entra!\" \/>\n<meta property=\"og:url\" content=\"http:\/\/abayanalistas.net\/es\/colaboracion-en-la-redaccion-del-libro-la-internacionalizacion-de-la-empresa-espanola-situacion-y-propuestas\/\" \/>\n<meta property=\"og:site_name\" content=\"Abay Analistas\" \/>\n<meta property=\"article:published_time\" content=\"2018-11-15T10:09:40+00:00\" \/>\n<meta property=\"article:modified_time\" content=\"2023-08-23T11:07:21+00:00\" \/>\n<meta property=\"og:image\" content=\"http:\/\/abayanalistas.net\/es\/wp-content\/uploads\/thomson_0.gif\" \/>\n\t<meta property=\"og:image:width\" content=\"440\" \/>\n\t<meta property=\"og:image:height\" content=\"139\" \/>\n\t<meta property=\"og:image:type\" content=\"image\/gif\" \/>\n<meta name=\"author\" content=\"Abay\" \/>\n<meta name=\"twitter:card\" content=\"summary_large_image\" \/>\n<meta name=\"twitter:creator\" content=\"@abayanalistas\" \/>\n<meta name=\"twitter:site\" content=\"@abayanalistas\" \/>\n<meta name=\"twitter:label1\" content=\"Escrito por\" \/>\n\t<meta name=\"twitter:data1\" content=\"Abay\" \/>\n\t<meta name=\"twitter:label2\" content=\"Tiempo de lectura\" \/>\n\t<meta name=\"twitter:data2\" content=\"1 minuto\" \/>\n<script type=\"application\/ld+json\" class=\"yoast-schema-graph\">{\"@context\":\"https:\/\/schema.org\",\"@graph\":[{\"@type\":\"Article\",\"@id\":\"http:\/\/abayanalistas.net\/es\/colaboracion-en-la-redaccion-del-libro-la-internacionalizacion-de-la-empresa-espanola-situacion-y-propuestas\/#article\",\"isPartOf\":{\"@id\":\"http:\/\/abayanalistas.net\/es\/colaboracion-en-la-redaccion-del-libro-la-internacionalizacion-de-la-empresa-espanola-situacion-y-propuestas\/\"},\"author\":{\"name\":\"Abay\",\"@id\":\"https:\/\/abayanalistas.net\/es\/#\/schema\/person\/e606ae20a7be8e0a0b8a7c999a938b84\"},\"headline\":\"Colaboraci\u00f3n en la elaboraci\u00f3n de un cap\u00edtulo del libro \u00abLa internacionalizaci\u00f3n de la empresa espa\u00f1ola: Situaci\u00f3n y propuestas\u00bb\",\"datePublished\":\"2018-11-15T10:09:40+00:00\",\"dateModified\":\"2023-08-23T11:07:21+00:00\",\"mainEntityOfPage\":{\"@id\":\"http:\/\/abayanalistas.net\/es\/colaboracion-en-la-redaccion-del-libro-la-internacionalizacion-de-la-empresa-espanola-situacion-y-propuestas\/\"},\"wordCount\":319,\"publisher\":{\"@id\":\"https:\/\/abayanalistas.net\/es\/#organization\"},\"image\":{\"@id\":\"http:\/\/abayanalistas.net\/es\/colaboracion-en-la-redaccion-del-libro-la-internacionalizacion-de-la-empresa-espanola-situacion-y-propuestas\/#primaryimage\"},\"thumbnailUrl\":\"http:\/\/abayanalistas.net\/es\/wp-content\/uploads\/thomson_0.gif\",\"articleSection\":[\"Noticia\"],\"inLanguage\":\"es\"},{\"@type\":\"WebPage\",\"@id\":\"http:\/\/abayanalistas.net\/es\/colaboracion-en-la-redaccion-del-libro-la-internacionalizacion-de-la-empresa-espanola-situacion-y-propuestas\/\",\"url\":\"http:\/\/abayanalistas.net\/es\/colaboracion-en-la-redaccion-del-libro-la-internacionalizacion-de-la-empresa-espanola-situacion-y-propuestas\/\",\"name\":\"Colaboraci\u00f3n en la elaboraci\u00f3n de un cap\u00edtulo del libro - Abay Analistas\",\"isPartOf\":{\"@id\":\"https:\/\/abayanalistas.net\/es\/#website\"},\"primaryImageOfPage\":{\"@id\":\"http:\/\/abayanalistas.net\/es\/colaboracion-en-la-redaccion-del-libro-la-internacionalizacion-de-la-empresa-espanola-situacion-y-propuestas\/#primaryimage\"},\"image\":{\"@id\":\"http:\/\/abayanalistas.net\/es\/colaboracion-en-la-redaccion-del-libro-la-internacionalizacion-de-la-empresa-espanola-situacion-y-propuestas\/#primaryimage\"},\"thumbnailUrl\":\"http:\/\/abayanalistas.net\/es\/wp-content\/uploads\/thomson_0.gif\",\"datePublished\":\"2018-11-15T10:09:40+00:00\",\"dateModified\":\"2023-08-23T11:07:21+00:00\",\"description\":\"Descubre cual fue nuestro papel en la colaboraci\u00f3n del libro La internacionalizaci\u00f3n de la empresa espa\u00f1ola: Situaci\u00f3n y propuestas \u00a1Entra!\",\"breadcrumb\":{\"@id\":\"http:\/\/abayanalistas.net\/es\/colaboracion-en-la-redaccion-del-libro-la-internacionalizacion-de-la-empresa-espanola-situacion-y-propuestas\/#breadcrumb\"},\"inLanguage\":\"es\",\"potentialAction\":[{\"@type\":\"ReadAction\",\"target\":[\"http:\/\/abayanalistas.net\/es\/colaboracion-en-la-redaccion-del-libro-la-internacionalizacion-de-la-empresa-espanola-situacion-y-propuestas\/\"]}]},{\"@type\":\"ImageObject\",\"inLanguage\":\"es\",\"@id\":\"http:\/\/abayanalistas.net\/es\/colaboracion-en-la-redaccion-del-libro-la-internacionalizacion-de-la-empresa-espanola-situacion-y-propuestas\/#primaryimage\",\"url\":\"http:\/\/abayanalistas.net\/es\/wp-content\/uploads\/thomson_0.gif\",\"contentUrl\":\"http:\/\/abayanalistas.net\/es\/wp-content\/uploads\/thomson_0.gif\",\"width\":440,\"height\":139,\"caption\":\"thomson 0\"},{\"@type\":\"BreadcrumbList\",\"@id\":\"http:\/\/abayanalistas.net\/es\/colaboracion-en-la-redaccion-del-libro-la-internacionalizacion-de-la-empresa-espanola-situacion-y-propuestas\/#breadcrumb\",\"itemListElement\":[{\"@type\":\"ListItem\",\"position\":1,\"name\":\"Portada\",\"item\":\"https:\/\/abayanalistas.net\/es\/\"},{\"@type\":\"ListItem\",\"position\":2,\"name\":\"Colaboraci\u00f3n en la elaboraci\u00f3n de un cap\u00edtulo del libro \u00abLa internacionalizaci\u00f3n de la empresa espa\u00f1ola: Situaci\u00f3n y propuestas\u00bb\"}]},{\"@type\":\"WebSite\",\"@id\":\"https:\/\/abayanalistas.net\/es\/#website\",\"url\":\"https:\/\/abayanalistas.net\/es\/\",\"name\":\"Abay Analistas\",\"description\":\"Analistas econ\u00f3micos y sociales\",\"publisher\":{\"@id\":\"https:\/\/abayanalistas.net\/es\/#organization\"},\"potentialAction\":[{\"@type\":\"SearchAction\",\"target\":{\"@type\":\"EntryPoint\",\"urlTemplate\":\"https:\/\/abayanalistas.net\/es\/?s={search_term_string}\"},\"query-input\":{\"@type\":\"PropertyValueSpecification\",\"valueRequired\":true,\"valueName\":\"search_term_string\"}}],\"inLanguage\":\"es\"},{\"@type\":\"Organization\",\"@id\":\"https:\/\/abayanalistas.net\/es\/#organization\",\"name\":\"Abay Analistas\",\"url\":\"https:\/\/abayanalistas.net\/es\/\",\"logo\":{\"@type\":\"ImageObject\",\"inLanguage\":\"es\",\"@id\":\"https:\/\/abayanalistas.net\/es\/#\/schema\/logo\/image\/\",\"url\":\"https:\/\/i0.wp.com\/abayanalistas.net\/es\/wp-content\/uploads\/Logo_Abay_Retina.png?fit=280%2C96&ssl=1\",\"contentUrl\":\"https:\/\/i0.wp.com\/abayanalistas.net\/es\/wp-content\/uploads\/Logo_Abay_Retina.png?fit=280%2C96&ssl=1\",\"width\":280,\"height\":96,\"caption\":\"Abay Analistas\"},\"image\":{\"@id\":\"https:\/\/abayanalistas.net\/es\/#\/schema\/logo\/image\/\"},\"sameAs\":[\"https:\/\/x.com\/abayanalistas\",\"https:\/\/www.linkedin.com\/company\/abay-analistas?trk=biz-companies-cym\"]},{\"@type\":\"Person\",\"@id\":\"https:\/\/abayanalistas.net\/es\/#\/schema\/person\/e606ae20a7be8e0a0b8a7c999a938b84\",\"name\":\"Abay\"}]}<\/script>\n<!-- \/ Yoast SEO plugin. -->","yoast_head_json":{"title":"Colaboraci\u00f3n en la elaboraci\u00f3n de un cap\u00edtulo del libro - Abay Analistas","description":"Descubre cual fue nuestro papel en la colaboraci\u00f3n del libro La internacionalizaci\u00f3n de la empresa espa\u00f1ola: Situaci\u00f3n y propuestas \u00a1Entra!","robots":{"index":"index","follow":"follow","max-snippet":"max-snippet:-1","max-image-preview":"max-image-preview:large","max-video-preview":"max-video-preview:-1"},"canonical":"http:\/\/abayanalistas.net\/es\/colaboracion-en-la-redaccion-del-libro-la-internacionalizacion-de-la-empresa-espanola-situacion-y-propuestas\/","og_locale":"es_ES","og_type":"article","og_title":"Colaboraci\u00f3n en la elaboraci\u00f3n de un cap\u00edtulo del libro - Abay Analistas","og_description":"Descubre cual fue nuestro papel en la colaboraci\u00f3n del libro La internacionalizaci\u00f3n de la empresa espa\u00f1ola: Situaci\u00f3n y propuestas \u00a1Entra!","og_url":"http:\/\/abayanalistas.net\/es\/colaboracion-en-la-redaccion-del-libro-la-internacionalizacion-de-la-empresa-espanola-situacion-y-propuestas\/","og_site_name":"Abay Analistas","article_published_time":"2018-11-15T10:09:40+00:00","article_modified_time":"2023-08-23T11:07:21+00:00","og_image":[{"width":440,"height":139,"url":"http:\/\/abayanalistas.net\/es\/wp-content\/uploads\/thomson_0.gif","type":"image\/gif"}],"author":"Abay","twitter_card":"summary_large_image","twitter_creator":"@abayanalistas","twitter_site":"@abayanalistas","twitter_misc":{"Escrito por":"Abay","Tiempo de lectura":"1 minuto"},"schema":{"@context":"https:\/\/schema.org","@graph":[{"@type":"Article","@id":"http:\/\/abayanalistas.net\/es\/colaboracion-en-la-redaccion-del-libro-la-internacionalizacion-de-la-empresa-espanola-situacion-y-propuestas\/#article","isPartOf":{"@id":"http:\/\/abayanalistas.net\/es\/colaboracion-en-la-redaccion-del-libro-la-internacionalizacion-de-la-empresa-espanola-situacion-y-propuestas\/"},"author":{"name":"Abay","@id":"https:\/\/abayanalistas.net\/es\/#\/schema\/person\/e606ae20a7be8e0a0b8a7c999a938b84"},"headline":"Colaboraci\u00f3n en la elaboraci\u00f3n de un cap\u00edtulo del libro \u00abLa internacionalizaci\u00f3n de la empresa espa\u00f1ola: Situaci\u00f3n y propuestas\u00bb","datePublished":"2018-11-15T10:09:40+00:00","dateModified":"2023-08-23T11:07:21+00:00","mainEntityOfPage":{"@id":"http:\/\/abayanalistas.net\/es\/colaboracion-en-la-redaccion-del-libro-la-internacionalizacion-de-la-empresa-espanola-situacion-y-propuestas\/"},"wordCount":319,"publisher":{"@id":"https:\/\/abayanalistas.net\/es\/#organization"},"image":{"@id":"http:\/\/abayanalistas.net\/es\/colaboracion-en-la-redaccion-del-libro-la-internacionalizacion-de-la-empresa-espanola-situacion-y-propuestas\/#primaryimage"},"thumbnailUrl":"http:\/\/abayanalistas.net\/es\/wp-content\/uploads\/thomson_0.gif","articleSection":["Noticia"],"inLanguage":"es"},{"@type":"WebPage","@id":"http:\/\/abayanalistas.net\/es\/colaboracion-en-la-redaccion-del-libro-la-internacionalizacion-de-la-empresa-espanola-situacion-y-propuestas\/","url":"http:\/\/abayanalistas.net\/es\/colaboracion-en-la-redaccion-del-libro-la-internacionalizacion-de-la-empresa-espanola-situacion-y-propuestas\/","name":"Colaboraci\u00f3n en la elaboraci\u00f3n de un cap\u00edtulo del libro - Abay Analistas","isPartOf":{"@id":"https:\/\/abayanalistas.net\/es\/#website"},"primaryImageOfPage":{"@id":"http:\/\/abayanalistas.net\/es\/colaboracion-en-la-redaccion-del-libro-la-internacionalizacion-de-la-empresa-espanola-situacion-y-propuestas\/#primaryimage"},"image":{"@id":"http:\/\/abayanalistas.net\/es\/colaboracion-en-la-redaccion-del-libro-la-internacionalizacion-de-la-empresa-espanola-situacion-y-propuestas\/#primaryimage"},"thumbnailUrl":"http:\/\/abayanalistas.net\/es\/wp-content\/uploads\/thomson_0.gif","datePublished":"2018-11-15T10:09:40+00:00","dateModified":"2023-08-23T11:07:21+00:00","description":"Descubre cual fue nuestro papel en la colaboraci\u00f3n del libro La internacionalizaci\u00f3n de la empresa espa\u00f1ola: Situaci\u00f3n y propuestas \u00a1Entra!","breadcrumb":{"@id":"http:\/\/abayanalistas.net\/es\/colaboracion-en-la-redaccion-del-libro-la-internacionalizacion-de-la-empresa-espanola-situacion-y-propuestas\/#breadcrumb"},"inLanguage":"es","potentialAction":[{"@type":"ReadAction","target":["http:\/\/abayanalistas.net\/es\/colaboracion-en-la-redaccion-del-libro-la-internacionalizacion-de-la-empresa-espanola-situacion-y-propuestas\/"]}]},{"@type":"ImageObject","inLanguage":"es","@id":"http:\/\/abayanalistas.net\/es\/colaboracion-en-la-redaccion-del-libro-la-internacionalizacion-de-la-empresa-espanola-situacion-y-propuestas\/#primaryimage","url":"http:\/\/abayanalistas.net\/es\/wp-content\/uploads\/thomson_0.gif","contentUrl":"http:\/\/abayanalistas.net\/es\/wp-content\/uploads\/thomson_0.gif","width":440,"height":139,"caption":"thomson 0"},{"@type":"BreadcrumbList","@id":"http:\/\/abayanalistas.net\/es\/colaboracion-en-la-redaccion-del-libro-la-internacionalizacion-de-la-empresa-espanola-situacion-y-propuestas\/#breadcrumb","itemListElement":[{"@type":"ListItem","position":1,"name":"Portada","item":"https:\/\/abayanalistas.net\/es\/"},{"@type":"ListItem","position":2,"name":"Colaboraci\u00f3n en la elaboraci\u00f3n de un cap\u00edtulo del libro \u00abLa internacionalizaci\u00f3n de la empresa espa\u00f1ola: Situaci\u00f3n y propuestas\u00bb"}]},{"@type":"WebSite","@id":"https:\/\/abayanalistas.net\/es\/#website","url":"https:\/\/abayanalistas.net\/es\/","name":"Abay Analistas","description":"Analistas econ\u00f3micos y sociales","publisher":{"@id":"https:\/\/abayanalistas.net\/es\/#organization"},"potentialAction":[{"@type":"SearchAction","target":{"@type":"EntryPoint","urlTemplate":"https:\/\/abayanalistas.net\/es\/?s={search_term_string}"},"query-input":{"@type":"PropertyValueSpecification","valueRequired":true,"valueName":"search_term_string"}}],"inLanguage":"es"},{"@type":"Organization","@id":"https:\/\/abayanalistas.net\/es\/#organization","name":"Abay Analistas","url":"https:\/\/abayanalistas.net\/es\/","logo":{"@type":"ImageObject","inLanguage":"es","@id":"https:\/\/abayanalistas.net\/es\/#\/schema\/logo\/image\/","url":"https:\/\/i0.wp.com\/abayanalistas.net\/es\/wp-content\/uploads\/Logo_Abay_Retina.png?fit=280%2C96&ssl=1","contentUrl":"https:\/\/i0.wp.com\/abayanalistas.net\/es\/wp-content\/uploads\/Logo_Abay_Retina.png?fit=280%2C96&ssl=1","width":280,"height":96,"caption":"Abay Analistas"},"image":{"@id":"https:\/\/abayanalistas.net\/es\/#\/schema\/logo\/image\/"},"sameAs":["https:\/\/x.com\/abayanalistas","https:\/\/www.linkedin.com\/company\/abay-analistas?trk=biz-companies-cym"]},{"@type":"Person","@id":"https:\/\/abayanalistas.net\/es\/#\/schema\/person\/e606ae20a7be8e0a0b8a7c999a938b84","name":"Abay"}]}},"_links":{"self":[{"href":"http:\/\/abayanalistas.net\/es\/wp-json\/wp\/v2\/posts\/3243"}],"collection":[{"href":"http:\/\/abayanalistas.net\/es\/wp-json\/wp\/v2\/posts"}],"about":[{"href":"http:\/\/abayanalistas.net\/es\/wp-json\/wp\/v2\/types\/post"}],"author":[{"embeddable":true,"href":"http:\/\/abayanalistas.net\/es\/wp-json\/wp\/v2\/users\/1"}],"replies":[{"embeddable":true,"href":"http:\/\/abayanalistas.net\/es\/wp-json\/wp\/v2\/comments?post=3243"}],"version-history":[{"count":5,"href":"http:\/\/abayanalistas.net\/es\/wp-json\/wp\/v2\/posts\/3243\/revisions"}],"predecessor-version":[{"id":3247,"href":"http:\/\/abayanalistas.net\/es\/wp-json\/wp\/v2\/posts\/3243\/revisions\/3247"}],"wp:featuredmedia":[{"embeddable":true,"href":"http:\/\/abayanalistas.net\/es\/wp-json\/wp\/v2\/media\/3254"}],"wp:attachment":[{"href":"http:\/\/abayanalistas.net\/es\/wp-json\/wp\/v2\/media?parent=3243"}],"wp:term":[{"taxonomy":"category","embeddable":true,"href":"http:\/\/abayanalistas.net\/es\/wp-json\/wp\/v2\/categories?post=3243"},{"taxonomy":"post_tag","embeddable":true,"href":"http:\/\/abayanalistas.net\/es\/wp-json\/wp\/v2\/tags?post=3243"}],"curies":[{"name":"wp","href":"https:\/\/api.w.org\/{rel}","templated":true}]}}