{"id":3196,"date":"2018-07-10T09:12:43","date_gmt":"2018-07-10T09:12:43","guid":{"rendered":"http:\/\/abayanalistas.net\/es\/?p=3196"},"modified":"2018-07-10T09:14:49","modified_gmt":"2018-07-10T09:14:49","slug":"iv-congreso-educativo-educacion-un-cambio-necesario","status":"publish","type":"post","link":"http:\/\/abayanalistas.net\/es\/iv-congreso-educativo-educacion-un-cambio-necesario\/","title":{"rendered":"IV Congreso Educativo \u00abEducaci\u00f3n, un cambio necesario\u00bb"},"content":{"rendered":"<p>(2-3\/07\/2018) Comunicaci\u00f3n: Sectores emergentes de futuro. Presentaci\u00f3n: Maribel Mart\u00ednez y Elvira Gonz\u00e1lez. IV Congreso Educativo \u00abEducaci\u00f3n, un cambio necesario\u00bb. UCOERM. Murcia.<\/p>\n<p>Programa disponible en:<\/p>\n<p>http:\/\/www.ucoerm.es\/noticias\/83-Abierto-plazo-de-inscripcion&#8212;IV-CONGRESO-EDUCATIVO-UCOERM \n\t\t<style type=\"text\/css\">\n\t\t\t#gallery-1 {\n\t\t\t\tmargin: auto;\n\t\t\t}\n\t\t\t#gallery-1 .gallery-item {\n\t\t\t\tfloat: left;\n\t\t\t\tmargin-top: 10px;\n\t\t\t\ttext-align: center;\n\t\t\t\twidth: 33%;\n\t\t\t}\n\t\t\t#gallery-1 img {\n\t\t\t\tborder: 2px solid #cfcfcf;\n\t\t\t}\n\t\t\t#gallery-1 .gallery-caption {\n\t\t\t\tmargin-left: 0;\n\t\t\t}\n\t\t\t\/* see gallery_shortcode() in wp-includes\/media.php *\/\n\t\t<\/style>\n\t\t<div id='gallery-1' class='gallery galleryid-3196 gallery-columns-3 gallery-size-thumbnail'><dl class='gallery-item'>\n\t\t\t<dt class='gallery-icon landscape'>\n\t\t\t\t<a title=\"ucoerm2\"  href='http:\/\/abayanalistas.net\/es\/iv-congreso-educativo-educacion-un-cambio-necesario\/ucoerm2\/'><img decoding=\"async\" width=\"250\" height=\"250\" src=\"http:\/\/abayanalistas.net\/es\/wp-content\/uploads\/ucoerm2-250x250.png\" class=\"attachment-thumbnail size-thumbnail lazyload\" alt=\"ucoerm2\" aria-describedby=\"gallery-1-3198\" srcset=\"data:image\/svg+xml,%3Csvg%20xmlns%3D%27http%3A%2F%2Fwww.w3.org%2F2000%2Fsvg%27%20width%3D%27954%27%20height%3D%27477%27%20viewBox%3D%270%200%20954%20477%27%3E%3Crect%20width%3D%27954%27%20height%3D%27477%27%20fill-opacity%3D%220%22%2F%3E%3C%2Fsvg%3E\" data-orig-src=\"http:\/\/abayanalistas.net\/es\/wp-content\/uploads\/ucoerm2-250x250.png\" data-srcset=\"http:\/\/abayanalistas.net\/es\/wp-content\/uploads\/ucoerm2-66x66.png 66w, http:\/\/abayanalistas.net\/es\/wp-content\/uploads\/ucoerm2-250x250.png 250w\" data-sizes=\"auto\" \/><\/a>\n\t\t\t<\/dt>\n\t\t\t\t<dd class='wp-caption-text gallery-caption' id='gallery-1-3198'>\n\t\t\t\tucoerm2\n\t\t\t\t<\/dd><\/dl><dl class='gallery-item'>\n\t\t\t<dt class='gallery-icon landscape'>\n\t\t\t\t<a title=\"ucoerm1\"  href='http:\/\/abayanalistas.net\/es\/iv-congreso-educativo-educacion-un-cambio-necesario\/ucoerm1\/'><img decoding=\"async\" width=\"250\" height=\"250\" src=\"http:\/\/abayanalistas.net\/es\/wp-content\/uploads\/ucoerm1-250x250.png\" class=\"attachment-thumbnail size-thumbnail lazyload\" alt=\"ucoerm1\" aria-describedby=\"gallery-1-3199\" srcset=\"data:image\/svg+xml,%3Csvg%20xmlns%3D%27http%3A%2F%2Fwww.w3.org%2F2000%2Fsvg%27%20width%3D%27725%27%20height%3D%27555%27%20viewBox%3D%270%200%20725%20555%27%3E%3Crect%20width%3D%27725%27%20height%3D%27555%27%20fill-opacity%3D%220%22%2F%3E%3C%2Fsvg%3E\" data-orig-src=\"http:\/\/abayanalistas.net\/es\/wp-content\/uploads\/ucoerm1-250x250.png\" data-srcset=\"http:\/\/abayanalistas.net\/es\/wp-content\/uploads\/ucoerm1-66x66.png 66w, http:\/\/abayanalistas.net\/es\/wp-content\/uploads\/ucoerm1-250x250.png 250w\" data-sizes=\"auto\" \/><\/a>\n\t\t\t<\/dt>\n\t\t\t\t<dd class='wp-caption-text gallery-caption' id='gallery-1-3199'>\n\t\t\t\tucoerm1\n\t\t\t\t<\/dd><\/dl><dl class='gallery-item'>\n\t\t\t<dt class='gallery-icon landscape'>\n\t\t\t\t<a title=\"ucoerm3\"  href='http:\/\/abayanalistas.net\/es\/iv-congreso-educativo-educacion-un-cambio-necesario\/ucoerm3\/'><img decoding=\"async\" width=\"250\" height=\"250\" src=\"http:\/\/abayanalistas.net\/es\/wp-content\/uploads\/ucoerm3-250x250.png\" class=\"attachment-thumbnail size-thumbnail lazyload\" alt=\"ucoerm3\" aria-describedby=\"gallery-1-3200\" srcset=\"data:image\/svg+xml,%3Csvg%20xmlns%3D%27http%3A%2F%2Fwww.w3.org%2F2000%2Fsvg%27%20width%3D%27725%27%20height%3D%27549%27%20viewBox%3D%270%200%20725%20549%27%3E%3Crect%20width%3D%27725%27%20height%3D%27549%27%20fill-opacity%3D%220%22%2F%3E%3C%2Fsvg%3E\" data-orig-src=\"http:\/\/abayanalistas.net\/es\/wp-content\/uploads\/ucoerm3-250x250.png\" data-srcset=\"http:\/\/abayanalistas.net\/es\/wp-content\/uploads\/ucoerm3-66x66.png 66w, http:\/\/abayanalistas.net\/es\/wp-content\/uploads\/ucoerm3-250x250.png 250w\" data-sizes=\"auto\" \/><\/a>\n\t\t\t<\/dt>\n\t\t\t\t<dd class='wp-caption-text gallery-caption' id='gallery-1-3200'>\n\t\t\t\tucoerm3\n\t\t\t\t<\/dd><\/dl><br style=\"clear: both\" \/>\n\t\t<\/div>\n<\/p>\n","protected":false},"excerpt":{"rendered":"<p>(2-3\/07\/2018) Comunicaci\u00f3n: Sectores emergentes de futuro. Presentaci\u00f3n: Maribel Mart\u00ednez y Elvira Gonz\u00e1lez. IV Congreso Educativo \u00abEducaci\u00f3n, un cambio necesario\u00bb. UCOERM. Murcia. Programa disponible en: http:\/\/www.ucoerm.es\/noticias\/83-Abierto-plazo-de-inscripcion&#8212;IV-CONGRESO-EDUCATIVO-UCOERM<\/p>\n","protected":false},"author":1,"featured_media":3198,"comment_status":"closed","ping_status":"closed","sticky":false,"template":"","format":"standard","meta":{"footnotes":""},"categories":[53],"tags":[],"yoast_head":"<!-- This site is optimized with the Yoast SEO plugin v24.5 - https:\/\/yoast.com\/wordpress\/plugins\/seo\/ -->\n<title>IV Congreso Educativo &quot;Educaci\u00f3n, un cambio necesario&quot; - Abay Analistas<\/title>\n<meta name=\"robots\" content=\"index, follow, max-snippet:-1, max-image-preview:large, max-video-preview:-1\" \/>\n<link rel=\"canonical\" href=\"http:\/\/abayanalistas.net\/es\/iv-congreso-educativo-educacion-un-cambio-necesario\/\" \/>\n<meta property=\"og:locale\" content=\"es_ES\" \/>\n<meta property=\"og:type\" content=\"article\" \/>\n<meta property=\"og:title\" content=\"IV Congreso Educativo &quot;Educaci\u00f3n, un cambio necesario&quot; - Abay Analistas\" \/>\n<meta property=\"og:description\" content=\"(2-3\/07\/2018) Comunicaci\u00f3n: Sectores emergentes de futuro. Presentaci\u00f3n: Maribel Mart\u00ednez y Elvira Gonz\u00e1lez. IV Congreso Educativo \u00abEducaci\u00f3n, un cambio necesario\u00bb. UCOERM. Murcia. Programa disponible en: http:\/\/www.ucoerm.es\/noticias\/83-Abierto-plazo-de-inscripcion&#8212;IV-CONGRESO-EDUCATIVO-UCOERM\" \/>\n<meta property=\"og:url\" content=\"http:\/\/abayanalistas.net\/es\/iv-congreso-educativo-educacion-un-cambio-necesario\/\" \/>\n<meta property=\"og:site_name\" content=\"Abay Analistas\" \/>\n<meta property=\"article:published_time\" content=\"2018-07-10T09:12:43+00:00\" \/>\n<meta property=\"article:modified_time\" content=\"2018-07-10T09:14:49+00:00\" \/>\n<meta property=\"og:image\" content=\"http:\/\/abayanalistas.net\/es\/wp-content\/uploads\/ucoerm2.png\" \/>\n\t<meta property=\"og:image:width\" content=\"954\" \/>\n\t<meta property=\"og:image:height\" content=\"477\" \/>\n\t<meta property=\"og:image:type\" content=\"image\/png\" \/>\n<meta name=\"author\" content=\"Abay\" \/>\n<meta name=\"twitter:card\" content=\"summary_large_image\" \/>\n<meta name=\"twitter:creator\" content=\"@abayanalistas\" \/>\n<meta name=\"twitter:site\" content=\"@abayanalistas\" \/>\n<meta name=\"twitter:label1\" content=\"Escrito por\" \/>\n\t<meta name=\"twitter:data1\" content=\"Abay\" \/>\n<script type=\"application\/ld+json\" class=\"yoast-schema-graph\">{\"@context\":\"https:\/\/schema.org\",\"@graph\":[{\"@type\":\"Article\",\"@id\":\"http:\/\/abayanalistas.net\/es\/iv-congreso-educativo-educacion-un-cambio-necesario\/#article\",\"isPartOf\":{\"@id\":\"http:\/\/abayanalistas.net\/es\/iv-congreso-educativo-educacion-un-cambio-necesario\/\"},\"author\":{\"name\":\"Abay\",\"@id\":\"https:\/\/abayanalistas.net\/es\/#\/schema\/person\/e606ae20a7be8e0a0b8a7c999a938b84\"},\"headline\":\"IV Congreso Educativo \u00abEducaci\u00f3n, un cambio necesario\u00bb\",\"datePublished\":\"2018-07-10T09:12:43+00:00\",\"dateModified\":\"2018-07-10T09:14:49+00:00\",\"mainEntityOfPage\":{\"@id\":\"http:\/\/abayanalistas.net\/es\/iv-congreso-educativo-educacion-un-cambio-necesario\/\"},\"wordCount\":45,\"publisher\":{\"@id\":\"https:\/\/abayanalistas.net\/es\/#organization\"},\"image\":{\"@id\":\"http:\/\/abayanalistas.net\/es\/iv-congreso-educativo-educacion-un-cambio-necesario\/#primaryimage\"},\"thumbnailUrl\":\"http:\/\/abayanalistas.net\/es\/wp-content\/uploads\/ucoerm2.png\",\"articleSection\":[\"Congresos\"],\"inLanguage\":\"es\"},{\"@type\":\"WebPage\",\"@id\":\"http:\/\/abayanalistas.net\/es\/iv-congreso-educativo-educacion-un-cambio-necesario\/\",\"url\":\"http:\/\/abayanalistas.net\/es\/iv-congreso-educativo-educacion-un-cambio-necesario\/\",\"name\":\"IV Congreso Educativo \\\"Educaci\u00f3n, un cambio necesario\\\" - Abay Analistas\",\"isPartOf\":{\"@id\":\"https:\/\/abayanalistas.net\/es\/#website\"},\"primaryImageOfPage\":{\"@id\":\"http:\/\/abayanalistas.net\/es\/iv-congreso-educativo-educacion-un-cambio-necesario\/#primaryimage\"},\"image\":{\"@id\":\"http:\/\/abayanalistas.net\/es\/iv-congreso-educativo-educacion-un-cambio-necesario\/#primaryimage\"},\"thumbnailUrl\":\"http:\/\/abayanalistas.net\/es\/wp-content\/uploads\/ucoerm2.png\",\"datePublished\":\"2018-07-10T09:12:43+00:00\",\"dateModified\":\"2018-07-10T09:14:49+00:00\",\"breadcrumb\":{\"@id\":\"http:\/\/abayanalistas.net\/es\/iv-congreso-educativo-educacion-un-cambio-necesario\/#breadcrumb\"},\"inLanguage\":\"es\",\"potentialAction\":[{\"@type\":\"ReadAction\",\"target\":[\"http:\/\/abayanalistas.net\/es\/iv-congreso-educativo-educacion-un-cambio-necesario\/\"]}]},{\"@type\":\"ImageObject\",\"inLanguage\":\"es\",\"@id\":\"http:\/\/abayanalistas.net\/es\/iv-congreso-educativo-educacion-un-cambio-necesario\/#primaryimage\",\"url\":\"http:\/\/abayanalistas.net\/es\/wp-content\/uploads\/ucoerm2.png\",\"contentUrl\":\"http:\/\/abayanalistas.net\/es\/wp-content\/uploads\/ucoerm2.png\",\"width\":954,\"height\":477,\"caption\":\"ucoerm2\"},{\"@type\":\"BreadcrumbList\",\"@id\":\"http:\/\/abayanalistas.net\/es\/iv-congreso-educativo-educacion-un-cambio-necesario\/#breadcrumb\",\"itemListElement\":[{\"@type\":\"ListItem\",\"position\":1,\"name\":\"Portada\",\"item\":\"https:\/\/abayanalistas.net\/es\/\"},{\"@type\":\"ListItem\",\"position\":2,\"name\":\"IV Congreso Educativo \u00abEducaci\u00f3n, un cambio necesario\u00bb\"}]},{\"@type\":\"WebSite\",\"@id\":\"https:\/\/abayanalistas.net\/es\/#website\",\"url\":\"https:\/\/abayanalistas.net\/es\/\",\"name\":\"Abay Analistas\",\"description\":\"Analistas econ\u00f3micos y sociales\",\"publisher\":{\"@id\":\"https:\/\/abayanalistas.net\/es\/#organization\"},\"potentialAction\":[{\"@type\":\"SearchAction\",\"target\":{\"@type\":\"EntryPoint\",\"urlTemplate\":\"https:\/\/abayanalistas.net\/es\/?s={search_term_string}\"},\"query-input\":{\"@type\":\"PropertyValueSpecification\",\"valueRequired\":true,\"valueName\":\"search_term_string\"}}],\"inLanguage\":\"es\"},{\"@type\":\"Organization\",\"@id\":\"https:\/\/abayanalistas.net\/es\/#organization\",\"name\":\"Abay Analistas\",\"url\":\"https:\/\/abayanalistas.net\/es\/\",\"logo\":{\"@type\":\"ImageObject\",\"inLanguage\":\"es\",\"@id\":\"https:\/\/abayanalistas.net\/es\/#\/schema\/logo\/image\/\",\"url\":\"https:\/\/i0.wp.com\/abayanalistas.net\/es\/wp-content\/uploads\/Logo_Abay_Retina.png?fit=280%2C96&ssl=1\",\"contentUrl\":\"https:\/\/i0.wp.com\/abayanalistas.net\/es\/wp-content\/uploads\/Logo_Abay_Retina.png?fit=280%2C96&ssl=1\",\"width\":280,\"height\":96,\"caption\":\"Abay Analistas\"},\"image\":{\"@id\":\"https:\/\/abayanalistas.net\/es\/#\/schema\/logo\/image\/\"},\"sameAs\":[\"https:\/\/x.com\/abayanalistas\",\"https:\/\/www.linkedin.com\/company\/abay-analistas?trk=biz-companies-cym\"]},{\"@type\":\"Person\",\"@id\":\"https:\/\/abayanalistas.net\/es\/#\/schema\/person\/e606ae20a7be8e0a0b8a7c999a938b84\",\"name\":\"Abay\"}]}<\/script>\n<!-- \/ Yoast SEO plugin. -->","yoast_head_json":{"title":"IV Congreso Educativo \"Educaci\u00f3n, un cambio necesario\" - Abay Analistas","robots":{"index":"index","follow":"follow","max-snippet":"max-snippet:-1","max-image-preview":"max-image-preview:large","max-video-preview":"max-video-preview:-1"},"canonical":"http:\/\/abayanalistas.net\/es\/iv-congreso-educativo-educacion-un-cambio-necesario\/","og_locale":"es_ES","og_type":"article","og_title":"IV Congreso Educativo \"Educaci\u00f3n, un cambio necesario\" - Abay Analistas","og_description":"(2-3\/07\/2018) Comunicaci\u00f3n: Sectores emergentes de futuro. Presentaci\u00f3n: Maribel Mart\u00ednez y Elvira Gonz\u00e1lez. IV Congreso Educativo \u00abEducaci\u00f3n, un cambio necesario\u00bb. UCOERM. Murcia. Programa disponible en: http:\/\/www.ucoerm.es\/noticias\/83-Abierto-plazo-de-inscripcion&#8212;IV-CONGRESO-EDUCATIVO-UCOERM","og_url":"http:\/\/abayanalistas.net\/es\/iv-congreso-educativo-educacion-un-cambio-necesario\/","og_site_name":"Abay Analistas","article_published_time":"2018-07-10T09:12:43+00:00","article_modified_time":"2018-07-10T09:14:49+00:00","og_image":[{"width":954,"height":477,"url":"http:\/\/abayanalistas.net\/es\/wp-content\/uploads\/ucoerm2.png","type":"image\/png"}],"author":"Abay","twitter_card":"summary_large_image","twitter_creator":"@abayanalistas","twitter_site":"@abayanalistas","twitter_misc":{"Escrito por":"Abay"},"schema":{"@context":"https:\/\/schema.org","@graph":[{"@type":"Article","@id":"http:\/\/abayanalistas.net\/es\/iv-congreso-educativo-educacion-un-cambio-necesario\/#article","isPartOf":{"@id":"http:\/\/abayanalistas.net\/es\/iv-congreso-educativo-educacion-un-cambio-necesario\/"},"author":{"name":"Abay","@id":"https:\/\/abayanalistas.net\/es\/#\/schema\/person\/e606ae20a7be8e0a0b8a7c999a938b84"},"headline":"IV Congreso Educativo \u00abEducaci\u00f3n, un cambio necesario\u00bb","datePublished":"2018-07-10T09:12:43+00:00","dateModified":"2018-07-10T09:14:49+00:00","mainEntityOfPage":{"@id":"http:\/\/abayanalistas.net\/es\/iv-congreso-educativo-educacion-un-cambio-necesario\/"},"wordCount":45,"publisher":{"@id":"https:\/\/abayanalistas.net\/es\/#organization"},"image":{"@id":"http:\/\/abayanalistas.net\/es\/iv-congreso-educativo-educacion-un-cambio-necesario\/#primaryimage"},"thumbnailUrl":"http:\/\/abayanalistas.net\/es\/wp-content\/uploads\/ucoerm2.png","articleSection":["Congresos"],"inLanguage":"es"},{"@type":"WebPage","@id":"http:\/\/abayanalistas.net\/es\/iv-congreso-educativo-educacion-un-cambio-necesario\/","url":"http:\/\/abayanalistas.net\/es\/iv-congreso-educativo-educacion-un-cambio-necesario\/","name":"IV Congreso Educativo \"Educaci\u00f3n, un cambio necesario\" - Abay Analistas","isPartOf":{"@id":"https:\/\/abayanalistas.net\/es\/#website"},"primaryImageOfPage":{"@id":"http:\/\/abayanalistas.net\/es\/iv-congreso-educativo-educacion-un-cambio-necesario\/#primaryimage"},"image":{"@id":"http:\/\/abayanalistas.net\/es\/iv-congreso-educativo-educacion-un-cambio-necesario\/#primaryimage"},"thumbnailUrl":"http:\/\/abayanalistas.net\/es\/wp-content\/uploads\/ucoerm2.png","datePublished":"2018-07-10T09:12:43+00:00","dateModified":"2018-07-10T09:14:49+00:00","breadcrumb":{"@id":"http:\/\/abayanalistas.net\/es\/iv-congreso-educativo-educacion-un-cambio-necesario\/#breadcrumb"},"inLanguage":"es","potentialAction":[{"@type":"ReadAction","target":["http:\/\/abayanalistas.net\/es\/iv-congreso-educativo-educacion-un-cambio-necesario\/"]}]},{"@type":"ImageObject","inLanguage":"es","@id":"http:\/\/abayanalistas.net\/es\/iv-congreso-educativo-educacion-un-cambio-necesario\/#primaryimage","url":"http:\/\/abayanalistas.net\/es\/wp-content\/uploads\/ucoerm2.png","contentUrl":"http:\/\/abayanalistas.net\/es\/wp-content\/uploads\/ucoerm2.png","width":954,"height":477,"caption":"ucoerm2"},{"@type":"BreadcrumbList","@id":"http:\/\/abayanalistas.net\/es\/iv-congreso-educativo-educacion-un-cambio-necesario\/#breadcrumb","itemListElement":[{"@type":"ListItem","position":1,"name":"Portada","item":"https:\/\/abayanalistas.net\/es\/"},{"@type":"ListItem","position":2,"name":"IV Congreso Educativo \u00abEducaci\u00f3n, un cambio necesario\u00bb"}]},{"@type":"WebSite","@id":"https:\/\/abayanalistas.net\/es\/#website","url":"https:\/\/abayanalistas.net\/es\/","name":"Abay Analistas","description":"Analistas econ\u00f3micos y sociales","publisher":{"@id":"https:\/\/abayanalistas.net\/es\/#organization"},"potentialAction":[{"@type":"SearchAction","target":{"@type":"EntryPoint","urlTemplate":"https:\/\/abayanalistas.net\/es\/?s={search_term_string}"},"query-input":{"@type":"PropertyValueSpecification","valueRequired":true,"valueName":"search_term_string"}}],"inLanguage":"es"},{"@type":"Organization","@id":"https:\/\/abayanalistas.net\/es\/#organization","name":"Abay Analistas","url":"https:\/\/abayanalistas.net\/es\/","logo":{"@type":"ImageObject","inLanguage":"es","@id":"https:\/\/abayanalistas.net\/es\/#\/schema\/logo\/image\/","url":"https:\/\/i0.wp.com\/abayanalistas.net\/es\/wp-content\/uploads\/Logo_Abay_Retina.png?fit=280%2C96&ssl=1","contentUrl":"https:\/\/i0.wp.com\/abayanalistas.net\/es\/wp-content\/uploads\/Logo_Abay_Retina.png?fit=280%2C96&ssl=1","width":280,"height":96,"caption":"Abay Analistas"},"image":{"@id":"https:\/\/abayanalistas.net\/es\/#\/schema\/logo\/image\/"},"sameAs":["https:\/\/x.com\/abayanalistas","https:\/\/www.linkedin.com\/company\/abay-analistas?trk=biz-companies-cym"]},{"@type":"Person","@id":"https:\/\/abayanalistas.net\/es\/#\/schema\/person\/e606ae20a7be8e0a0b8a7c999a938b84","name":"Abay"}]}},"_links":{"self":[{"href":"http:\/\/abayanalistas.net\/es\/wp-json\/wp\/v2\/posts\/3196"}],"collection":[{"href":"http:\/\/abayanalistas.net\/es\/wp-json\/wp\/v2\/posts"}],"about":[{"href":"http:\/\/abayanalistas.net\/es\/wp-json\/wp\/v2\/types\/post"}],"author":[{"embeddable":true,"href":"http:\/\/abayanalistas.net\/es\/wp-json\/wp\/v2\/users\/1"}],"replies":[{"embeddable":true,"href":"http:\/\/abayanalistas.net\/es\/wp-json\/wp\/v2\/comments?post=3196"}],"version-history":[{"count":5,"href":"http:\/\/abayanalistas.net\/es\/wp-json\/wp\/v2\/posts\/3196\/revisions"}],"predecessor-version":[{"id":3205,"href":"http:\/\/abayanalistas.net\/es\/wp-json\/wp\/v2\/posts\/3196\/revisions\/3205"}],"wp:featuredmedia":[{"embeddable":true,"href":"http:\/\/abayanalistas.net\/es\/wp-json\/wp\/v2\/media\/3198"}],"wp:attachment":[{"href":"http:\/\/abayanalistas.net\/es\/wp-json\/wp\/v2\/media?parent=3196"}],"wp:term":[{"taxonomy":"category","embeddable":true,"href":"http:\/\/abayanalistas.net\/es\/wp-json\/wp\/v2\/categories?post=3196"},{"taxonomy":"post_tag","embeddable":true,"href":"http:\/\/abayanalistas.net\/es\/wp-json\/wp\/v2\/tags?post=3196"}],"curies":[{"name":"wp","href":"https:\/\/api.w.org\/{rel}","templated":true}]}}