{"id":3192,"date":"2018-07-10T09:03:50","date_gmt":"2018-07-10T09:03:50","guid":{"rendered":"http:\/\/abayanalistas.net\/es\/?p=3192"},"modified":"2021-04-13T10:03:25","modified_gmt":"2021-04-13T10:03:25","slug":"jornada-tecnica-para-la-puesta-en-marcha-del-programa-iberoamericano-sobre-los-derechos-de-las-personas-con-discapacidad","status":"publish","type":"post","link":"http:\/\/abayanalistas.net\/es\/jornada-tecnica-para-la-puesta-en-marcha-del-programa-iberoamericano-sobre-los-derechos-de-las-personas-con-discapacidad\/","title":{"rendered":"Jornada t\u00e9cnica para la puesta en marcha del Programa Iberoamericano sobre los Derechos de las Personas con Discapacidad"},"content":{"rendered":"<p>(26-29\/06\/2018) Participaci\u00f3n de Abay Analistas en la Jornada t\u00e9cnica para la puesta en marcha del Programa Iberoamericano sobre los Derechos de las Personas con Discapacidad. Este programa, que ha sido avalado por 9 pa\u00edses iberoamericanos, se presentar\u00e1 en la XXVI Cumbre Iberoamericana de Jefas y Jefes de Estado y de Gobierno. La agenda incluy\u00f3 una presentaci\u00f3n institucional sobre las jornadas, la discusi\u00f3n de diversos informes t\u00e9cnicos sobre el tema, y la exposici\u00f3n de las experiencias en discapacidad por parte de los pa\u00edses en los ejes de educaci\u00f3n, empleo y protecci\u00f3n social, empoderamiento, datos y estad\u00edsticas, igualdad y no discriminaci\u00f3n, y salud.<\/p>\n<p>https:\/\/www.segib.org\/nueve-paises-preparan-el-programa-iberoamericano-sobre-los-derechos-de-las-personas-con-discapacidad\/<\/p>\n","protected":false},"excerpt":{"rendered":"<p>(26-29\/06\/2018) Participaci\u00f3n de Abay Analistas en la Jornada t\u00e9cnica para la puesta en marcha del Programa Iberoamericano sobre los Derechos de las Personas con Discapacidad. Este programa, que ha sido avalado por 9 pa\u00edses iberoamericanos, [&hellip;]<\/p>\n","protected":false},"author":1,"featured_media":3194,"comment_status":"closed","ping_status":"closed","sticky":false,"template":"","format":"standard","meta":{"footnotes":""},"categories":[53],"tags":[],"yoast_head":"<!-- This site is optimized with the Yoast SEO plugin v24.5 - https:\/\/yoast.com\/wordpress\/plugins\/seo\/ -->\n<title>Jornada t\u00e9cnica para la puesta en marcha del Programa Iberoamericano sobre los Derechos de las Personas con Discapacidad - Abay Analistas<\/title>\n<meta name=\"robots\" content=\"index, follow, max-snippet:-1, max-image-preview:large, max-video-preview:-1\" \/>\n<link rel=\"canonical\" href=\"https:\/\/abayanalistas.net\/es\/jornada-tecnica-para-la-puesta-en-marcha-del-programa-iberoamericano-sobre-los-derechos-de-las-personas-con-discapacidad\/\" \/>\n<meta property=\"og:locale\" content=\"es_ES\" \/>\n<meta property=\"og:type\" content=\"article\" \/>\n<meta property=\"og:title\" content=\"Jornada t\u00e9cnica para la puesta en marcha del Programa Iberoamericano sobre los Derechos de las Personas con Discapacidad - Abay Analistas\" \/>\n<meta property=\"og:description\" content=\"(26-29\/06\/2018) Participaci\u00f3n de Abay Analistas en la Jornada t\u00e9cnica para la puesta en marcha del Programa Iberoamericano sobre los Derechos de las Personas con Discapacidad. Este programa, que ha sido avalado por 9 pa\u00edses iberoamericanos, [&hellip;]\" \/>\n<meta property=\"og:url\" content=\"https:\/\/abayanalistas.net\/es\/jornada-tecnica-para-la-puesta-en-marcha-del-programa-iberoamericano-sobre-los-derechos-de-las-personas-con-discapacidad\/\" \/>\n<meta property=\"og:site_name\" content=\"Abay Analistas\" \/>\n<meta property=\"article:published_time\" content=\"2018-07-10T09:03:50+00:00\" \/>\n<meta property=\"article:modified_time\" content=\"2021-04-13T10:03:25+00:00\" \/>\n<meta property=\"og:image\" content=\"https:\/\/abayanalistas.net\/es\/wp-content\/uploads\/segib.png\" \/>\n\t<meta property=\"og:image:width\" content=\"732\" \/>\n\t<meta property=\"og:image:height\" content=\"554\" \/>\n\t<meta property=\"og:image:type\" content=\"image\/png\" \/>\n<meta name=\"author\" content=\"Abay\" \/>\n<meta name=\"twitter:card\" content=\"summary_large_image\" \/>\n<meta name=\"twitter:creator\" content=\"@abayanalistas\" \/>\n<meta name=\"twitter:site\" content=\"@abayanalistas\" \/>\n<meta name=\"twitter:label1\" content=\"Escrito por\" \/>\n\t<meta name=\"twitter:data1\" content=\"Abay\" \/>\n\t<meta name=\"twitter:label2\" content=\"Tiempo de lectura\" \/>\n\t<meta name=\"twitter:data2\" content=\"1 minuto\" \/>\n<script type=\"application\/ld+json\" class=\"yoast-schema-graph\">{\"@context\":\"https:\/\/schema.org\",\"@graph\":[{\"@type\":\"Article\",\"@id\":\"https:\/\/abayanalistas.net\/es\/jornada-tecnica-para-la-puesta-en-marcha-del-programa-iberoamericano-sobre-los-derechos-de-las-personas-con-discapacidad\/#article\",\"isPartOf\":{\"@id\":\"https:\/\/abayanalistas.net\/es\/jornada-tecnica-para-la-puesta-en-marcha-del-programa-iberoamericano-sobre-los-derechos-de-las-personas-con-discapacidad\/\"},\"author\":{\"name\":\"Abay\",\"@id\":\"https:\/\/abayanalistas.net\/es\/#\/schema\/person\/e606ae20a7be8e0a0b8a7c999a938b84\"},\"headline\":\"Jornada t\u00e9cnica para la puesta en marcha del Programa Iberoamericano sobre los Derechos de las Personas con Discapacidad\",\"datePublished\":\"2018-07-10T09:03:50+00:00\",\"dateModified\":\"2021-04-13T10:03:25+00:00\",\"mainEntityOfPage\":{\"@id\":\"https:\/\/abayanalistas.net\/es\/jornada-tecnica-para-la-puesta-en-marcha-del-programa-iberoamericano-sobre-los-derechos-de-las-personas-con-discapacidad\/\"},\"wordCount\":136,\"publisher\":{\"@id\":\"https:\/\/abayanalistas.net\/es\/#organization\"},\"image\":{\"@id\":\"https:\/\/abayanalistas.net\/es\/jornada-tecnica-para-la-puesta-en-marcha-del-programa-iberoamericano-sobre-los-derechos-de-las-personas-con-discapacidad\/#primaryimage\"},\"thumbnailUrl\":\"http:\/\/abayanalistas.net\/es\/wp-content\/uploads\/segib.png\",\"articleSection\":[\"Congresos\"],\"inLanguage\":\"es\"},{\"@type\":\"WebPage\",\"@id\":\"https:\/\/abayanalistas.net\/es\/jornada-tecnica-para-la-puesta-en-marcha-del-programa-iberoamericano-sobre-los-derechos-de-las-personas-con-discapacidad\/\",\"url\":\"https:\/\/abayanalistas.net\/es\/jornada-tecnica-para-la-puesta-en-marcha-del-programa-iberoamericano-sobre-los-derechos-de-las-personas-con-discapacidad\/\",\"name\":\"Jornada t\u00e9cnica para la puesta en marcha del Programa Iberoamericano sobre los Derechos de las Personas con Discapacidad - Abay Analistas\",\"isPartOf\":{\"@id\":\"https:\/\/abayanalistas.net\/es\/#website\"},\"primaryImageOfPage\":{\"@id\":\"https:\/\/abayanalistas.net\/es\/jornada-tecnica-para-la-puesta-en-marcha-del-programa-iberoamericano-sobre-los-derechos-de-las-personas-con-discapacidad\/#primaryimage\"},\"image\":{\"@id\":\"https:\/\/abayanalistas.net\/es\/jornada-tecnica-para-la-puesta-en-marcha-del-programa-iberoamericano-sobre-los-derechos-de-las-personas-con-discapacidad\/#primaryimage\"},\"thumbnailUrl\":\"http:\/\/abayanalistas.net\/es\/wp-content\/uploads\/segib.png\",\"datePublished\":\"2018-07-10T09:03:50+00:00\",\"dateModified\":\"2021-04-13T10:03:25+00:00\",\"breadcrumb\":{\"@id\":\"https:\/\/abayanalistas.net\/es\/jornada-tecnica-para-la-puesta-en-marcha-del-programa-iberoamericano-sobre-los-derechos-de-las-personas-con-discapacidad\/#breadcrumb\"},\"inLanguage\":\"es\",\"potentialAction\":[{\"@type\":\"ReadAction\",\"target\":[\"https:\/\/abayanalistas.net\/es\/jornada-tecnica-para-la-puesta-en-marcha-del-programa-iberoamericano-sobre-los-derechos-de-las-personas-con-discapacidad\/\"]}]},{\"@type\":\"ImageObject\",\"inLanguage\":\"es\",\"@id\":\"https:\/\/abayanalistas.net\/es\/jornada-tecnica-para-la-puesta-en-marcha-del-programa-iberoamericano-sobre-los-derechos-de-las-personas-con-discapacidad\/#primaryimage\",\"url\":\"http:\/\/abayanalistas.net\/es\/wp-content\/uploads\/segib.png\",\"contentUrl\":\"http:\/\/abayanalistas.net\/es\/wp-content\/uploads\/segib.png\",\"width\":732,\"height\":554,\"caption\":\"segib\"},{\"@type\":\"BreadcrumbList\",\"@id\":\"https:\/\/abayanalistas.net\/es\/jornada-tecnica-para-la-puesta-en-marcha-del-programa-iberoamericano-sobre-los-derechos-de-las-personas-con-discapacidad\/#breadcrumb\",\"itemListElement\":[{\"@type\":\"ListItem\",\"position\":1,\"name\":\"Portada\",\"item\":\"https:\/\/abayanalistas.net\/es\/\"},{\"@type\":\"ListItem\",\"position\":2,\"name\":\"Jornada t\u00e9cnica para la puesta en marcha del Programa Iberoamericano sobre los Derechos de las Personas con Discapacidad\"}]},{\"@type\":\"WebSite\",\"@id\":\"https:\/\/abayanalistas.net\/es\/#website\",\"url\":\"https:\/\/abayanalistas.net\/es\/\",\"name\":\"Abay Analistas\",\"description\":\"Analistas econ\u00f3micos y sociales\",\"publisher\":{\"@id\":\"https:\/\/abayanalistas.net\/es\/#organization\"},\"potentialAction\":[{\"@type\":\"SearchAction\",\"target\":{\"@type\":\"EntryPoint\",\"urlTemplate\":\"https:\/\/abayanalistas.net\/es\/?s={search_term_string}\"},\"query-input\":{\"@type\":\"PropertyValueSpecification\",\"valueRequired\":true,\"valueName\":\"search_term_string\"}}],\"inLanguage\":\"es\"},{\"@type\":\"Organization\",\"@id\":\"https:\/\/abayanalistas.net\/es\/#organization\",\"name\":\"Abay Analistas\",\"url\":\"https:\/\/abayanalistas.net\/es\/\",\"logo\":{\"@type\":\"ImageObject\",\"inLanguage\":\"es\",\"@id\":\"https:\/\/abayanalistas.net\/es\/#\/schema\/logo\/image\/\",\"url\":\"https:\/\/i0.wp.com\/abayanalistas.net\/es\/wp-content\/uploads\/Logo_Abay_Retina.png?fit=280%2C96&ssl=1\",\"contentUrl\":\"https:\/\/i0.wp.com\/abayanalistas.net\/es\/wp-content\/uploads\/Logo_Abay_Retina.png?fit=280%2C96&ssl=1\",\"width\":280,\"height\":96,\"caption\":\"Abay Analistas\"},\"image\":{\"@id\":\"https:\/\/abayanalistas.net\/es\/#\/schema\/logo\/image\/\"},\"sameAs\":[\"https:\/\/x.com\/abayanalistas\",\"https:\/\/www.linkedin.com\/company\/abay-analistas?trk=biz-companies-cym\"]},{\"@type\":\"Person\",\"@id\":\"https:\/\/abayanalistas.net\/es\/#\/schema\/person\/e606ae20a7be8e0a0b8a7c999a938b84\",\"name\":\"Abay\"}]}<\/script>\n<!-- \/ Yoast SEO plugin. -->","yoast_head_json":{"title":"Jornada t\u00e9cnica para la puesta en marcha del Programa Iberoamericano sobre los Derechos de las Personas con Discapacidad - Abay Analistas","robots":{"index":"index","follow":"follow","max-snippet":"max-snippet:-1","max-image-preview":"max-image-preview:large","max-video-preview":"max-video-preview:-1"},"canonical":"https:\/\/abayanalistas.net\/es\/jornada-tecnica-para-la-puesta-en-marcha-del-programa-iberoamericano-sobre-los-derechos-de-las-personas-con-discapacidad\/","og_locale":"es_ES","og_type":"article","og_title":"Jornada t\u00e9cnica para la puesta en marcha del Programa Iberoamericano sobre los Derechos de las Personas con Discapacidad - Abay Analistas","og_description":"(26-29\/06\/2018) Participaci\u00f3n de Abay Analistas en la Jornada t\u00e9cnica para la puesta en marcha del Programa Iberoamericano sobre los Derechos de las Personas con Discapacidad. Este programa, que ha sido avalado por 9 pa\u00edses iberoamericanos, [&hellip;]","og_url":"https:\/\/abayanalistas.net\/es\/jornada-tecnica-para-la-puesta-en-marcha-del-programa-iberoamericano-sobre-los-derechos-de-las-personas-con-discapacidad\/","og_site_name":"Abay Analistas","article_published_time":"2018-07-10T09:03:50+00:00","article_modified_time":"2021-04-13T10:03:25+00:00","og_image":[{"width":732,"height":554,"url":"https:\/\/abayanalistas.net\/es\/wp-content\/uploads\/segib.png","type":"image\/png"}],"author":"Abay","twitter_card":"summary_large_image","twitter_creator":"@abayanalistas","twitter_site":"@abayanalistas","twitter_misc":{"Escrito por":"Abay","Tiempo de lectura":"1 minuto"},"schema":{"@context":"https:\/\/schema.org","@graph":[{"@type":"Article","@id":"https:\/\/abayanalistas.net\/es\/jornada-tecnica-para-la-puesta-en-marcha-del-programa-iberoamericano-sobre-los-derechos-de-las-personas-con-discapacidad\/#article","isPartOf":{"@id":"https:\/\/abayanalistas.net\/es\/jornada-tecnica-para-la-puesta-en-marcha-del-programa-iberoamericano-sobre-los-derechos-de-las-personas-con-discapacidad\/"},"author":{"name":"Abay","@id":"https:\/\/abayanalistas.net\/es\/#\/schema\/person\/e606ae20a7be8e0a0b8a7c999a938b84"},"headline":"Jornada t\u00e9cnica para la puesta en marcha del Programa Iberoamericano sobre los Derechos de las Personas con Discapacidad","datePublished":"2018-07-10T09:03:50+00:00","dateModified":"2021-04-13T10:03:25+00:00","mainEntityOfPage":{"@id":"https:\/\/abayanalistas.net\/es\/jornada-tecnica-para-la-puesta-en-marcha-del-programa-iberoamericano-sobre-los-derechos-de-las-personas-con-discapacidad\/"},"wordCount":136,"publisher":{"@id":"https:\/\/abayanalistas.net\/es\/#organization"},"image":{"@id":"https:\/\/abayanalistas.net\/es\/jornada-tecnica-para-la-puesta-en-marcha-del-programa-iberoamericano-sobre-los-derechos-de-las-personas-con-discapacidad\/#primaryimage"},"thumbnailUrl":"http:\/\/abayanalistas.net\/es\/wp-content\/uploads\/segib.png","articleSection":["Congresos"],"inLanguage":"es"},{"@type":"WebPage","@id":"https:\/\/abayanalistas.net\/es\/jornada-tecnica-para-la-puesta-en-marcha-del-programa-iberoamericano-sobre-los-derechos-de-las-personas-con-discapacidad\/","url":"https:\/\/abayanalistas.net\/es\/jornada-tecnica-para-la-puesta-en-marcha-del-programa-iberoamericano-sobre-los-derechos-de-las-personas-con-discapacidad\/","name":"Jornada t\u00e9cnica para la puesta en marcha del Programa Iberoamericano sobre los Derechos de las Personas con Discapacidad - Abay Analistas","isPartOf":{"@id":"https:\/\/abayanalistas.net\/es\/#website"},"primaryImageOfPage":{"@id":"https:\/\/abayanalistas.net\/es\/jornada-tecnica-para-la-puesta-en-marcha-del-programa-iberoamericano-sobre-los-derechos-de-las-personas-con-discapacidad\/#primaryimage"},"image":{"@id":"https:\/\/abayanalistas.net\/es\/jornada-tecnica-para-la-puesta-en-marcha-del-programa-iberoamericano-sobre-los-derechos-de-las-personas-con-discapacidad\/#primaryimage"},"thumbnailUrl":"http:\/\/abayanalistas.net\/es\/wp-content\/uploads\/segib.png","datePublished":"2018-07-10T09:03:50+00:00","dateModified":"2021-04-13T10:03:25+00:00","breadcrumb":{"@id":"https:\/\/abayanalistas.net\/es\/jornada-tecnica-para-la-puesta-en-marcha-del-programa-iberoamericano-sobre-los-derechos-de-las-personas-con-discapacidad\/#breadcrumb"},"inLanguage":"es","potentialAction":[{"@type":"ReadAction","target":["https:\/\/abayanalistas.net\/es\/jornada-tecnica-para-la-puesta-en-marcha-del-programa-iberoamericano-sobre-los-derechos-de-las-personas-con-discapacidad\/"]}]},{"@type":"ImageObject","inLanguage":"es","@id":"https:\/\/abayanalistas.net\/es\/jornada-tecnica-para-la-puesta-en-marcha-del-programa-iberoamericano-sobre-los-derechos-de-las-personas-con-discapacidad\/#primaryimage","url":"http:\/\/abayanalistas.net\/es\/wp-content\/uploads\/segib.png","contentUrl":"http:\/\/abayanalistas.net\/es\/wp-content\/uploads\/segib.png","width":732,"height":554,"caption":"segib"},{"@type":"BreadcrumbList","@id":"https:\/\/abayanalistas.net\/es\/jornada-tecnica-para-la-puesta-en-marcha-del-programa-iberoamericano-sobre-los-derechos-de-las-personas-con-discapacidad\/#breadcrumb","itemListElement":[{"@type":"ListItem","position":1,"name":"Portada","item":"https:\/\/abayanalistas.net\/es\/"},{"@type":"ListItem","position":2,"name":"Jornada t\u00e9cnica para la puesta en marcha del Programa Iberoamericano sobre los Derechos de las Personas con Discapacidad"}]},{"@type":"WebSite","@id":"https:\/\/abayanalistas.net\/es\/#website","url":"https:\/\/abayanalistas.net\/es\/","name":"Abay Analistas","description":"Analistas econ\u00f3micos y sociales","publisher":{"@id":"https:\/\/abayanalistas.net\/es\/#organization"},"potentialAction":[{"@type":"SearchAction","target":{"@type":"EntryPoint","urlTemplate":"https:\/\/abayanalistas.net\/es\/?s={search_term_string}"},"query-input":{"@type":"PropertyValueSpecification","valueRequired":true,"valueName":"search_term_string"}}],"inLanguage":"es"},{"@type":"Organization","@id":"https:\/\/abayanalistas.net\/es\/#organization","name":"Abay Analistas","url":"https:\/\/abayanalistas.net\/es\/","logo":{"@type":"ImageObject","inLanguage":"es","@id":"https:\/\/abayanalistas.net\/es\/#\/schema\/logo\/image\/","url":"https:\/\/i0.wp.com\/abayanalistas.net\/es\/wp-content\/uploads\/Logo_Abay_Retina.png?fit=280%2C96&ssl=1","contentUrl":"https:\/\/i0.wp.com\/abayanalistas.net\/es\/wp-content\/uploads\/Logo_Abay_Retina.png?fit=280%2C96&ssl=1","width":280,"height":96,"caption":"Abay Analistas"},"image":{"@id":"https:\/\/abayanalistas.net\/es\/#\/schema\/logo\/image\/"},"sameAs":["https:\/\/x.com\/abayanalistas","https:\/\/www.linkedin.com\/company\/abay-analistas?trk=biz-companies-cym"]},{"@type":"Person","@id":"https:\/\/abayanalistas.net\/es\/#\/schema\/person\/e606ae20a7be8e0a0b8a7c999a938b84","name":"Abay"}]}},"_links":{"self":[{"href":"http:\/\/abayanalistas.net\/es\/wp-json\/wp\/v2\/posts\/3192"}],"collection":[{"href":"http:\/\/abayanalistas.net\/es\/wp-json\/wp\/v2\/posts"}],"about":[{"href":"http:\/\/abayanalistas.net\/es\/wp-json\/wp\/v2\/types\/post"}],"author":[{"embeddable":true,"href":"http:\/\/abayanalistas.net\/es\/wp-json\/wp\/v2\/users\/1"}],"replies":[{"embeddable":true,"href":"http:\/\/abayanalistas.net\/es\/wp-json\/wp\/v2\/comments?post=3192"}],"version-history":[{"count":1,"href":"http:\/\/abayanalistas.net\/es\/wp-json\/wp\/v2\/posts\/3192\/revisions"}],"predecessor-version":[{"id":3195,"href":"http:\/\/abayanalistas.net\/es\/wp-json\/wp\/v2\/posts\/3192\/revisions\/3195"}],"wp:featuredmedia":[{"embeddable":true,"href":"http:\/\/abayanalistas.net\/es\/wp-json\/wp\/v2\/media\/3194"}],"wp:attachment":[{"href":"http:\/\/abayanalistas.net\/es\/wp-json\/wp\/v2\/media?parent=3192"}],"wp:term":[{"taxonomy":"category","embeddable":true,"href":"http:\/\/abayanalistas.net\/es\/wp-json\/wp\/v2\/categories?post=3192"},{"taxonomy":"post_tag","embeddable":true,"href":"http:\/\/abayanalistas.net\/es\/wp-json\/wp\/v2\/tags?post=3192"}],"curies":[{"name":"wp","href":"https:\/\/api.w.org\/{rel}","templated":true}]}}