{"id":2138,"date":"2015-03-24T16:48:30","date_gmt":"2015-03-24T16:48:30","guid":{"rendered":"http:\/\/abayanalistas.net\/es\/?p=2138"},"modified":"2021-04-13T10:03:27","modified_gmt":"2021-04-13T10:03:27","slug":"inteligencia-analitica-dirigido-a-la-gestion-inteligente-de-redes-institucionales","status":"publish","type":"post","link":"http:\/\/abayanalistas.net\/es\/inteligencia-analitica-dirigido-a-la-gestion-inteligente-de-redes-institucionales\/","title":{"rendered":"Inteligencia Anal\u00edtica, dirigido a la Gesti\u00f3n Inteligente de Redes Institucionales"},"content":{"rendered":"<div class=\"fusion-fullwidth fullwidth-box fusion-builder-row-1 nonhundred-percent-fullwidth non-hundred-percent-height-scrolling\" style=\"background-color: rgba(255,255,255,0);background-position: left top;background-repeat: no-repeat;padding-top:20px;padding-right:0px;padding-bottom:20px;padding-left:0px;margin-bottom: 0px;margin-top: 0px;border-width: 0px 0px 0px 0px;border-color:#eae9e9;border-style:solid;\" ><div class=\"fusion-builder-row fusion-row\"><div class=\"fusion-layout-column fusion_builder_column fusion-builder-column-0 fusion_builder_column_1_1 1_1 fusion-one-full fusion-column-first fusion-column-last fusion-column-no-min-height\" style=\"margin-top:0px;margin-bottom:0px;\"><div class=\"fusion-column-wrapper fusion-flex-column-wrapper-legacy\" style=\"background-position:left top;background-repeat:no-repeat;-webkit-background-size:cover;-moz-background-size:cover;-o-background-size:cover;background-size:cover;padding: 0px 0px 0px 0px;\"><div class=\"fusion-text fusion-text-1\"><h4><strong>Inteligencia Anal\u00edtica, dirigido a la Gesti\u00f3n Inteligente de Redes Institucionales<\/strong><\/h4>\n<p>Nuestro producto de<strong>\u00a0Inteligencia Anal\u00edtica, dirigido a la Gesti\u00f3n Inteligente de Redes Institucionales\u00a0<\/strong>y su aplicaci\u00f3n concreta en la Gesti\u00f3n Integral de la Red de Centros Ocupacionales de la Comunidad de Madrid (GIRCO), caso de \u00e9xito en el Club de Innovaci\u00f3n.<\/p>\n<\/div><div class=\"fusion-button-wrapper\"><style type=\"text\/css\">.fusion-button.button-1 {border-radius:0px;}<\/style><a class=\"fusion-button button-flat fusion-button-default-size button-default button-1 fusion-button-default-span fusion-button-default-type\" target=\"_blank\" rel=\"noopener noreferrer\" href=\"http:\/\/abayanalistas.net\/es\/portfolio\/desarrollo-de-un-sistema-de-indicadores-de-gestion-para-la-red-de-centros-ocupacionales-de-la-comunidad-de-madrid\/\"><span class=\"fusion-button-text\">VER INFORME RELACIONADO<\/span><\/a><\/div><div class=\"fusion-sep-clear\"><\/div><div class=\"fusion-separator fusion-full-width-sep\" style=\"margin-left: auto;margin-right: auto;margin-top:25px;margin-bottom:25px;width:100%;\"><div class=\"fusion-separator-border sep-single sep-solid\" style=\"border-color:#dbdbdb;border-top-width:1px;\"><\/div><\/div><div class=\"fusion-sep-clear\"><\/div><div class=\"fusion-text fusion-text-2\"><h3>Club de Innovaci\u00f3n<\/h3>\n<h4>SISTEMA DE INTELIGENCIA ANAL\u00cdTICA Y GESTI\u00d3N INTEGRAL DE REDES (GIR) PARA LA RED DE CENTROS OCUPACIONALES DE LA COMUNIDAD DE MADRID<\/h4>\n<p><span class=\"listing-desc\">Este proyecto, cofinanciado por el Fondo Social Europeo, surge en el marco del<b> II Plan de Acci\u00f3n para Personas con Discapacidad de la Comunidad de Madrid,<\/b> cuyos principios rectores est\u00e1n dirigidos a garantizar los derechos de las personas con discapacidad mediante la promoci\u00f3n de la vida independiente y su participaci\u00f3n en la sociedad, la promoci\u00f3n de la igualdad entre hombres y mujeres, la mejora de la calidad de los servicios y el apoyo a sus familias. <\/span><\/p>\n<\/div><div class=\"fusion-button-wrapper\"><style type=\"text\/css\">.fusion-button.button-2 {border-radius:0px;}<\/style><a class=\"fusion-button button-flat fusion-button-default-size button-default button-2 fusion-button-default-span fusion-button-default-type\" target=\"_blank\" rel=\"noopener noreferrer\" href=\"http:\/\/www.clubdeinnovacion.es\/index.php?option=com_mtree&amp;task=viewlink&amp;link_id=558&amp;Itemid=14\"><span class=\"fusion-button-text\">VER NOTICIA<\/span><\/a><\/div><div class=\"fusion-clearfix\"><\/div><\/div><\/div><\/div><\/div>\n","protected":false},"excerpt":{"rendered":"","protected":false},"author":1,"featured_media":2332,"comment_status":"closed","ping_status":"closed","sticky":false,"template":"","format":"standard","meta":{"footnotes":""},"categories":[50],"tags":[],"yoast_head":"<!-- This site is optimized with the Yoast SEO plugin v24.5 - https:\/\/yoast.com\/wordpress\/plugins\/seo\/ -->\n<title>Inteligencia Anal\u00edtica, dirigido a la Gesti\u00f3n Inteligente de Redes Institucionales<\/title>\n<meta name=\"description\" content=\"Nuestro producto de Inteligencia Anal\u00edtica, dirigido a la Gesti\u00f3n Inteligente de Redes Institucionales y su aplicaci\u00f3n concreta en la Gesti\u00f3n Integral de la Red de Centros Ocupacionales de la Comunidad de Madrid (GIRCO), caso de \u00e9xito en el Club de Innovaci\u00f3n.\" \/>\n<meta name=\"robots\" content=\"index, follow, max-snippet:-1, max-image-preview:large, max-video-preview:-1\" \/>\n<link rel=\"canonical\" href=\"http:\/\/abayanalistas.net\/es\/inteligencia-analitica-dirigido-a-la-gestion-inteligente-de-redes-institucionales\/\" \/>\n<meta property=\"og:locale\" content=\"es_ES\" \/>\n<meta property=\"og:type\" content=\"article\" \/>\n<meta property=\"og:title\" content=\"Inteligencia Anal\u00edtica, dirigido a la Gesti\u00f3n Inteligente de Redes Institucionales\" \/>\n<meta property=\"og:description\" content=\"Nuestro producto de Inteligencia Anal\u00edtica, dirigido a la Gesti\u00f3n Inteligente de Redes Institucionales y su aplicaci\u00f3n concreta en la Gesti\u00f3n Integral de la Red de Centros Ocupacionales de la Comunidad de Madrid (GIRCO), caso de \u00e9xito en el Club de Innovaci\u00f3n.\" \/>\n<meta property=\"og:url\" content=\"http:\/\/abayanalistas.net\/es\/inteligencia-analitica-dirigido-a-la-gestion-inteligente-de-redes-institucionales\/\" \/>\n<meta property=\"og:site_name\" content=\"Abay Analistas\" \/>\n<meta property=\"article:published_time\" content=\"2015-03-24T16:48:30+00:00\" \/>\n<meta property=\"article:modified_time\" content=\"2021-04-13T10:03:27+00:00\" \/>\n<meta property=\"og:image\" content=\"http:\/\/abayanalistas.net\/es\/wp-content\/uploads\/redes-inteligentes.jpg\" \/>\n\t<meta property=\"og:image:width\" content=\"900\" \/>\n\t<meta property=\"og:image:height\" content=\"589\" \/>\n\t<meta property=\"og:image:type\" content=\"image\/jpeg\" \/>\n<meta name=\"author\" content=\"Abay\" \/>\n<meta name=\"twitter:card\" content=\"summary_large_image\" \/>\n<meta name=\"twitter:creator\" content=\"@abayanalistas\" \/>\n<meta name=\"twitter:site\" content=\"@abayanalistas\" \/>\n<meta name=\"twitter:label1\" content=\"Escrito por\" \/>\n\t<meta name=\"twitter:data1\" content=\"Abay\" \/>\n\t<meta name=\"twitter:label2\" content=\"Tiempo de lectura\" \/>\n\t<meta name=\"twitter:data2\" content=\"2 minutos\" \/>\n<script type=\"application\/ld+json\" class=\"yoast-schema-graph\">{\"@context\":\"https:\/\/schema.org\",\"@graph\":[{\"@type\":\"Article\",\"@id\":\"http:\/\/abayanalistas.net\/es\/inteligencia-analitica-dirigido-a-la-gestion-inteligente-de-redes-institucionales\/#article\",\"isPartOf\":{\"@id\":\"http:\/\/abayanalistas.net\/es\/inteligencia-analitica-dirigido-a-la-gestion-inteligente-de-redes-institucionales\/\"},\"author\":{\"name\":\"Abay\",\"@id\":\"https:\/\/abayanalistas.net\/es\/#\/schema\/person\/e606ae20a7be8e0a0b8a7c999a938b84\"},\"headline\":\"Inteligencia Anal\u00edtica, dirigido a la Gesti\u00f3n Inteligente de Redes Institucionales\",\"datePublished\":\"2015-03-24T16:48:30+00:00\",\"dateModified\":\"2021-04-13T10:03:27+00:00\",\"mainEntityOfPage\":{\"@id\":\"http:\/\/abayanalistas.net\/es\/inteligencia-analitica-dirigido-a-la-gestion-inteligente-de-redes-institucionales\/\"},\"wordCount\":476,\"publisher\":{\"@id\":\"https:\/\/abayanalistas.net\/es\/#organization\"},\"image\":{\"@id\":\"http:\/\/abayanalistas.net\/es\/inteligencia-analitica-dirigido-a-la-gestion-inteligente-de-redes-institucionales\/#primaryimage\"},\"thumbnailUrl\":\"http:\/\/abayanalistas.net\/es\/wp-content\/uploads\/redes-inteligentes.jpg\",\"articleSection\":[\"Noticia\"],\"inLanguage\":\"es\"},{\"@type\":\"WebPage\",\"@id\":\"http:\/\/abayanalistas.net\/es\/inteligencia-analitica-dirigido-a-la-gestion-inteligente-de-redes-institucionales\/\",\"url\":\"http:\/\/abayanalistas.net\/es\/inteligencia-analitica-dirigido-a-la-gestion-inteligente-de-redes-institucionales\/\",\"name\":\"Inteligencia Anal\u00edtica, dirigido a la Gesti\u00f3n Inteligente de Redes Institucionales\",\"isPartOf\":{\"@id\":\"https:\/\/abayanalistas.net\/es\/#website\"},\"primaryImageOfPage\":{\"@id\":\"http:\/\/abayanalistas.net\/es\/inteligencia-analitica-dirigido-a-la-gestion-inteligente-de-redes-institucionales\/#primaryimage\"},\"image\":{\"@id\":\"http:\/\/abayanalistas.net\/es\/inteligencia-analitica-dirigido-a-la-gestion-inteligente-de-redes-institucionales\/#primaryimage\"},\"thumbnailUrl\":\"http:\/\/abayanalistas.net\/es\/wp-content\/uploads\/redes-inteligentes.jpg\",\"datePublished\":\"2015-03-24T16:48:30+00:00\",\"dateModified\":\"2021-04-13T10:03:27+00:00\",\"description\":\"Nuestro producto de Inteligencia Anal\u00edtica, dirigido a la Gesti\u00f3n Inteligente de Redes Institucionales y su aplicaci\u00f3n concreta en la Gesti\u00f3n Integral de la Red de Centros Ocupacionales de la Comunidad de Madrid (GIRCO), caso de \u00e9xito en el Club de Innovaci\u00f3n.\",\"breadcrumb\":{\"@id\":\"http:\/\/abayanalistas.net\/es\/inteligencia-analitica-dirigido-a-la-gestion-inteligente-de-redes-institucionales\/#breadcrumb\"},\"inLanguage\":\"es\",\"potentialAction\":[{\"@type\":\"ReadAction\",\"target\":[\"http:\/\/abayanalistas.net\/es\/inteligencia-analitica-dirigido-a-la-gestion-inteligente-de-redes-institucionales\/\"]}]},{\"@type\":\"ImageObject\",\"inLanguage\":\"es\",\"@id\":\"http:\/\/abayanalistas.net\/es\/inteligencia-analitica-dirigido-a-la-gestion-inteligente-de-redes-institucionales\/#primaryimage\",\"url\":\"http:\/\/abayanalistas.net\/es\/wp-content\/uploads\/redes-inteligentes.jpg\",\"contentUrl\":\"http:\/\/abayanalistas.net\/es\/wp-content\/uploads\/redes-inteligentes.jpg\",\"width\":900,\"height\":589,\"caption\":\"redes inteligentes\"},{\"@type\":\"BreadcrumbList\",\"@id\":\"http:\/\/abayanalistas.net\/es\/inteligencia-analitica-dirigido-a-la-gestion-inteligente-de-redes-institucionales\/#breadcrumb\",\"itemListElement\":[{\"@type\":\"ListItem\",\"position\":1,\"name\":\"Portada\",\"item\":\"https:\/\/abayanalistas.net\/es\/\"},{\"@type\":\"ListItem\",\"position\":2,\"name\":\"Inteligencia Anal\u00edtica, dirigido a la Gesti\u00f3n Inteligente de Redes Institucionales\"}]},{\"@type\":\"WebSite\",\"@id\":\"https:\/\/abayanalistas.net\/es\/#website\",\"url\":\"https:\/\/abayanalistas.net\/es\/\",\"name\":\"Abay Analistas\",\"description\":\"Analistas econ\u00f3micos y sociales\",\"publisher\":{\"@id\":\"https:\/\/abayanalistas.net\/es\/#organization\"},\"potentialAction\":[{\"@type\":\"SearchAction\",\"target\":{\"@type\":\"EntryPoint\",\"urlTemplate\":\"https:\/\/abayanalistas.net\/es\/?s={search_term_string}\"},\"query-input\":{\"@type\":\"PropertyValueSpecification\",\"valueRequired\":true,\"valueName\":\"search_term_string\"}}],\"inLanguage\":\"es\"},{\"@type\":\"Organization\",\"@id\":\"https:\/\/abayanalistas.net\/es\/#organization\",\"name\":\"Abay Analistas\",\"url\":\"https:\/\/abayanalistas.net\/es\/\",\"logo\":{\"@type\":\"ImageObject\",\"inLanguage\":\"es\",\"@id\":\"https:\/\/abayanalistas.net\/es\/#\/schema\/logo\/image\/\",\"url\":\"https:\/\/i0.wp.com\/abayanalistas.net\/es\/wp-content\/uploads\/Logo_Abay_Retina.png?fit=280%2C96&ssl=1\",\"contentUrl\":\"https:\/\/i0.wp.com\/abayanalistas.net\/es\/wp-content\/uploads\/Logo_Abay_Retina.png?fit=280%2C96&ssl=1\",\"width\":280,\"height\":96,\"caption\":\"Abay Analistas\"},\"image\":{\"@id\":\"https:\/\/abayanalistas.net\/es\/#\/schema\/logo\/image\/\"},\"sameAs\":[\"https:\/\/x.com\/abayanalistas\",\"https:\/\/www.linkedin.com\/company\/abay-analistas?trk=biz-companies-cym\"]},{\"@type\":\"Person\",\"@id\":\"https:\/\/abayanalistas.net\/es\/#\/schema\/person\/e606ae20a7be8e0a0b8a7c999a938b84\",\"name\":\"Abay\"}]}<\/script>\n<!-- \/ Yoast SEO plugin. -->","yoast_head_json":{"title":"Inteligencia Anal\u00edtica, dirigido a la Gesti\u00f3n Inteligente de Redes Institucionales","description":"Nuestro producto de Inteligencia Anal\u00edtica, dirigido a la Gesti\u00f3n Inteligente de Redes Institucionales y su aplicaci\u00f3n concreta en la Gesti\u00f3n Integral de la Red de Centros Ocupacionales de la Comunidad de Madrid (GIRCO), caso de \u00e9xito en el Club de Innovaci\u00f3n.","robots":{"index":"index","follow":"follow","max-snippet":"max-snippet:-1","max-image-preview":"max-image-preview:large","max-video-preview":"max-video-preview:-1"},"canonical":"http:\/\/abayanalistas.net\/es\/inteligencia-analitica-dirigido-a-la-gestion-inteligente-de-redes-institucionales\/","og_locale":"es_ES","og_type":"article","og_title":"Inteligencia Anal\u00edtica, dirigido a la Gesti\u00f3n Inteligente de Redes Institucionales","og_description":"Nuestro producto de Inteligencia Anal\u00edtica, dirigido a la Gesti\u00f3n Inteligente de Redes Institucionales y su aplicaci\u00f3n concreta en la Gesti\u00f3n Integral de la Red de Centros Ocupacionales de la Comunidad de Madrid (GIRCO), caso de \u00e9xito en el Club de Innovaci\u00f3n.","og_url":"http:\/\/abayanalistas.net\/es\/inteligencia-analitica-dirigido-a-la-gestion-inteligente-de-redes-institucionales\/","og_site_name":"Abay Analistas","article_published_time":"2015-03-24T16:48:30+00:00","article_modified_time":"2021-04-13T10:03:27+00:00","og_image":[{"width":900,"height":589,"url":"http:\/\/abayanalistas.net\/es\/wp-content\/uploads\/redes-inteligentes.jpg","type":"image\/jpeg"}],"author":"Abay","twitter_card":"summary_large_image","twitter_creator":"@abayanalistas","twitter_site":"@abayanalistas","twitter_misc":{"Escrito por":"Abay","Tiempo de lectura":"2 minutos"},"schema":{"@context":"https:\/\/schema.org","@graph":[{"@type":"Article","@id":"http:\/\/abayanalistas.net\/es\/inteligencia-analitica-dirigido-a-la-gestion-inteligente-de-redes-institucionales\/#article","isPartOf":{"@id":"http:\/\/abayanalistas.net\/es\/inteligencia-analitica-dirigido-a-la-gestion-inteligente-de-redes-institucionales\/"},"author":{"name":"Abay","@id":"https:\/\/abayanalistas.net\/es\/#\/schema\/person\/e606ae20a7be8e0a0b8a7c999a938b84"},"headline":"Inteligencia Anal\u00edtica, dirigido a la Gesti\u00f3n Inteligente de Redes Institucionales","datePublished":"2015-03-24T16:48:30+00:00","dateModified":"2021-04-13T10:03:27+00:00","mainEntityOfPage":{"@id":"http:\/\/abayanalistas.net\/es\/inteligencia-analitica-dirigido-a-la-gestion-inteligente-de-redes-institucionales\/"},"wordCount":476,"publisher":{"@id":"https:\/\/abayanalistas.net\/es\/#organization"},"image":{"@id":"http:\/\/abayanalistas.net\/es\/inteligencia-analitica-dirigido-a-la-gestion-inteligente-de-redes-institucionales\/#primaryimage"},"thumbnailUrl":"http:\/\/abayanalistas.net\/es\/wp-content\/uploads\/redes-inteligentes.jpg","articleSection":["Noticia"],"inLanguage":"es"},{"@type":"WebPage","@id":"http:\/\/abayanalistas.net\/es\/inteligencia-analitica-dirigido-a-la-gestion-inteligente-de-redes-institucionales\/","url":"http:\/\/abayanalistas.net\/es\/inteligencia-analitica-dirigido-a-la-gestion-inteligente-de-redes-institucionales\/","name":"Inteligencia Anal\u00edtica, dirigido a la Gesti\u00f3n Inteligente de Redes Institucionales","isPartOf":{"@id":"https:\/\/abayanalistas.net\/es\/#website"},"primaryImageOfPage":{"@id":"http:\/\/abayanalistas.net\/es\/inteligencia-analitica-dirigido-a-la-gestion-inteligente-de-redes-institucionales\/#primaryimage"},"image":{"@id":"http:\/\/abayanalistas.net\/es\/inteligencia-analitica-dirigido-a-la-gestion-inteligente-de-redes-institucionales\/#primaryimage"},"thumbnailUrl":"http:\/\/abayanalistas.net\/es\/wp-content\/uploads\/redes-inteligentes.jpg","datePublished":"2015-03-24T16:48:30+00:00","dateModified":"2021-04-13T10:03:27+00:00","description":"Nuestro producto de Inteligencia Anal\u00edtica, dirigido a la Gesti\u00f3n Inteligente de Redes Institucionales y su aplicaci\u00f3n concreta en la Gesti\u00f3n Integral de la Red de Centros Ocupacionales de la Comunidad de Madrid (GIRCO), caso de \u00e9xito en el Club de Innovaci\u00f3n.","breadcrumb":{"@id":"http:\/\/abayanalistas.net\/es\/inteligencia-analitica-dirigido-a-la-gestion-inteligente-de-redes-institucionales\/#breadcrumb"},"inLanguage":"es","potentialAction":[{"@type":"ReadAction","target":["http:\/\/abayanalistas.net\/es\/inteligencia-analitica-dirigido-a-la-gestion-inteligente-de-redes-institucionales\/"]}]},{"@type":"ImageObject","inLanguage":"es","@id":"http:\/\/abayanalistas.net\/es\/inteligencia-analitica-dirigido-a-la-gestion-inteligente-de-redes-institucionales\/#primaryimage","url":"http:\/\/abayanalistas.net\/es\/wp-content\/uploads\/redes-inteligentes.jpg","contentUrl":"http:\/\/abayanalistas.net\/es\/wp-content\/uploads\/redes-inteligentes.jpg","width":900,"height":589,"caption":"redes inteligentes"},{"@type":"BreadcrumbList","@id":"http:\/\/abayanalistas.net\/es\/inteligencia-analitica-dirigido-a-la-gestion-inteligente-de-redes-institucionales\/#breadcrumb","itemListElement":[{"@type":"ListItem","position":1,"name":"Portada","item":"https:\/\/abayanalistas.net\/es\/"},{"@type":"ListItem","position":2,"name":"Inteligencia Anal\u00edtica, dirigido a la Gesti\u00f3n Inteligente de Redes Institucionales"}]},{"@type":"WebSite","@id":"https:\/\/abayanalistas.net\/es\/#website","url":"https:\/\/abayanalistas.net\/es\/","name":"Abay Analistas","description":"Analistas econ\u00f3micos y sociales","publisher":{"@id":"https:\/\/abayanalistas.net\/es\/#organization"},"potentialAction":[{"@type":"SearchAction","target":{"@type":"EntryPoint","urlTemplate":"https:\/\/abayanalistas.net\/es\/?s={search_term_string}"},"query-input":{"@type":"PropertyValueSpecification","valueRequired":true,"valueName":"search_term_string"}}],"inLanguage":"es"},{"@type":"Organization","@id":"https:\/\/abayanalistas.net\/es\/#organization","name":"Abay Analistas","url":"https:\/\/abayanalistas.net\/es\/","logo":{"@type":"ImageObject","inLanguage":"es","@id":"https:\/\/abayanalistas.net\/es\/#\/schema\/logo\/image\/","url":"https:\/\/i0.wp.com\/abayanalistas.net\/es\/wp-content\/uploads\/Logo_Abay_Retina.png?fit=280%2C96&ssl=1","contentUrl":"https:\/\/i0.wp.com\/abayanalistas.net\/es\/wp-content\/uploads\/Logo_Abay_Retina.png?fit=280%2C96&ssl=1","width":280,"height":96,"caption":"Abay Analistas"},"image":{"@id":"https:\/\/abayanalistas.net\/es\/#\/schema\/logo\/image\/"},"sameAs":["https:\/\/x.com\/abayanalistas","https:\/\/www.linkedin.com\/company\/abay-analistas?trk=biz-companies-cym"]},{"@type":"Person","@id":"https:\/\/abayanalistas.net\/es\/#\/schema\/person\/e606ae20a7be8e0a0b8a7c999a938b84","name":"Abay"}]}},"_links":{"self":[{"href":"http:\/\/abayanalistas.net\/es\/wp-json\/wp\/v2\/posts\/2138"}],"collection":[{"href":"http:\/\/abayanalistas.net\/es\/wp-json\/wp\/v2\/posts"}],"about":[{"href":"http:\/\/abayanalistas.net\/es\/wp-json\/wp\/v2\/types\/post"}],"author":[{"embeddable":true,"href":"http:\/\/abayanalistas.net\/es\/wp-json\/wp\/v2\/users\/1"}],"replies":[{"embeddable":true,"href":"http:\/\/abayanalistas.net\/es\/wp-json\/wp\/v2\/comments?post=2138"}],"version-history":[{"count":4,"href":"http:\/\/abayanalistas.net\/es\/wp-json\/wp\/v2\/posts\/2138\/revisions"}],"predecessor-version":[{"id":2733,"href":"http:\/\/abayanalistas.net\/es\/wp-json\/wp\/v2\/posts\/2138\/revisions\/2733"}],"wp:featuredmedia":[{"embeddable":true,"href":"http:\/\/abayanalistas.net\/es\/wp-json\/wp\/v2\/media\/2332"}],"wp:attachment":[{"href":"http:\/\/abayanalistas.net\/es\/wp-json\/wp\/v2\/media?parent=2138"}],"wp:term":[{"taxonomy":"category","embeddable":true,"href":"http:\/\/abayanalistas.net\/es\/wp-json\/wp\/v2\/categories?post=2138"},{"taxonomy":"post_tag","embeddable":true,"href":"http:\/\/abayanalistas.net\/es\/wp-json\/wp\/v2\/tags?post=2138"}],"curies":[{"name":"wp","href":"https:\/\/api.w.org\/{rel}","templated":true}]}}