{"id":2131,"date":"2015-06-19T15:25:01","date_gmt":"2015-06-19T15:25:01","guid":{"rendered":"http:\/\/abayanalistas.net\/es\/?p=2131"},"modified":"2021-04-13T10:03:27","modified_gmt":"2021-04-13T10:03:27","slug":"presentacion-en-murcia-junto-con-cepes-y-fundacion-once","status":"publish","type":"post","link":"http:\/\/abayanalistas.net\/es\/presentacion-en-murcia-junto-con-cepes-y-fundacion-once\/","title":{"rendered":"Presentaci\u00f3n en Murcia, junto con CEPES y Fundaci\u00f3n ONCE"},"content":{"rendered":"<div class=\"fusion-fullwidth fullwidth-box fusion-builder-row-1 nonhundred-percent-fullwidth non-hundred-percent-height-scrolling\" style=\"background-color: rgba(255,255,255,0);background-position: left top;background-repeat: no-repeat;padding-top:20px;padding-right:0px;padding-bottom:20px;padding-left:0px;margin-bottom: 0px;margin-top: 0px;border-width: 0px 0px 0px 0px;border-color:#eae9e9;border-style:solid;\" ><div class=\"fusion-builder-row fusion-row\"><div class=\"fusion-layout-column fusion_builder_column fusion-builder-column-0 fusion_builder_column_1_1 1_1 fusion-one-full fusion-column-first fusion-column-last fusion-column-no-min-height\" style=\"margin-top:0px;margin-bottom:0px;\"><div class=\"fusion-column-wrapper fusion-flex-column-wrapper-legacy\" style=\"background-position:left top;background-repeat:no-repeat;-webkit-background-size:cover;-moz-background-size:cover;-o-background-size:cover;background-size:cover;padding: 0px 0px 0px 0px;\"><div class=\"fusion-text fusion-text-1\"><p>Presentaci\u00f3n en Murcia, junto con CEPES y Fundaci\u00f3n ONCE de nuestro estudio realizado para la <strong>Fundaci\u00f3n ONCE \u00abLas empresas de la Econom\u00eda Social como palanca de creaci\u00f3n de empleo para las personas con discapacidad\u00bb<\/strong><\/p>\n<\/div><div class=\"fusion-sep-clear\"><\/div><div class=\"fusion-separator fusion-full-width-sep\" style=\"margin-left: auto;margin-right: auto;margin-top:25px;margin-bottom:25px;width:100%;\"><div class=\"fusion-separator-border sep-single sep-solid\" style=\"border-color:#dbdbdb;border-top-width:1px;\"><\/div><\/div><div class=\"fusion-sep-clear\"><\/div><div class=\"fusion-text fusion-text-2\"><h3>CEPES<\/h3>\n<h4>CEPES y Fundaci\u00f3n ONCE impulsan la inclusi\u00f3n de las personas con discapacidad en la Econom\u00eda Social<\/h4>\n<p>Ambas entidades suscriben un acuerdo para favorecer el empleo, la inclusi\u00f3n, la igualdad de oportunidades y la no discriminaci\u00f3n de las personas con discapacidad dentro de la Econom\u00eda Social.<br \/>\n(Madrid, 14 de octubre de 2014).- La <strong>Confederaci\u00f3n Empresarial Espa\u00f1ola de la Econom\u00eda Social<\/strong> (CEPES) y <strong>Fundaci\u00f3n ONCE<\/strong> han firmado un convenio para favorecer el empleo, la plena inclusi\u00f3n, la igualdad de oportunidades y la no discriminaci\u00f3n de las personas con discapacidad.<br \/>\nEl acuerdo ha sido firmado por el presidente de CEPES, <strong>Juan Antonio Pedre\u00f1o<\/strong>, y el vicepresidente de Fundaci\u00f3n ONCE, <strong>Alberto Dur\u00e1n<\/strong>. En \u00e9l, ambas entidades se comprometen a realizar acciones conjuntas para promover el empleo \u00a0de las personas con discapacidad en la Econom\u00eda Social, de la que Fundaci\u00f3n ONCE forma parte.<\/p>\n<\/div><div class=\"fusion-button-wrapper\"><style type=\"text\/css\">.fusion-button.button-1 {border-radius:0px;}<\/style><a class=\"fusion-button button-flat fusion-button-default-size button-default button-1 fusion-button-default-span fusion-button-default-type\" target=\"_blank\" rel=\"noopener noreferrer\" href=\"http:\/\/www.cepes.es\/noticias\/395_cepes-fundacion-once-impulsan-inclusion-personas-discapacidad-economia-social\"><span class=\"fusion-button-text\">VER NOTICIA<\/span><\/a><\/div><div class=\"fusion-sep-clear\"><\/div><div class=\"fusion-separator fusion-full-width-sep\" style=\"margin-left: auto;margin-right: auto;margin-top:25px;margin-bottom:25px;width:100%;\"><div class=\"fusion-separator-border sep-single sep-solid\" style=\"border-color:#dbdbdb;border-top-width:1px;\"><\/div><\/div><div class=\"fusion-sep-clear\"><\/div><div class=\"fusion-text fusion-text-3\"><h3>20 minutos<\/h3>\n<h4>Murcia lidera la cuota de reserva para personas con discapacidad en empresas y entidades de la Econom\u00eda Social<\/h4>\n<p>La Regi\u00f3n de Murcia se encuentra entre las CCAA que lideran el cumplimiento de la cuota de reserva para personas con discapacidad por parte de empresas y entidades de la Econom\u00eda Social.<br \/>\nEsta es una de las principales conclusiones del estudio &#8216;La Econom\u00eda Social como motor del empleo para las personas con discapacidad&#8217;, elaborado por Fundaci\u00f3n ONCE y la Confederaci\u00f3n Empresarial Espa\u00f1ola de la Econom\u00eda Social (CEPES), presentado hoy en la Universidad de Murcia.<\/p>\n<\/div><div class=\"fusion-button-wrapper\"><style type=\"text\/css\">.fusion-button.button-2 {border-radius:0px;}<\/style><a class=\"fusion-button button-flat fusion-button-default-size button-default button-2 fusion-button-default-span fusion-button-default-type\" target=\"_blank\" rel=\"noopener noreferrer\" href=\"http:\/\/www.20minutos.es\/noticia\/2493972\/0\/murcia-lidera-cuota-reserva-para-personas-con-discapacidad-empresas-entidades-economia-social\/\"><span class=\"fusion-button-text\">VER NOTICIA<\/span><\/a><\/div><div class=\"fusion-sep-clear\"><\/div><div class=\"fusion-separator fusion-full-width-sep\" style=\"margin-left: auto;margin-right: auto;margin-top:25px;margin-bottom:25px;width:100%;\"><div class=\"fusion-separator-border sep-single sep-solid\" style=\"border-color:#dbdbdb;border-top-width:1px;\"><\/div><\/div><div class=\"fusion-sep-clear\"><\/div><div class=\"fusion-text fusion-text-4\"><h3>Murcia.com<\/h3>\n<h4>Murcia lidera la cuota de reserva para personas con discapacidad en empresas y entidades de la Econom\u00eda Social<\/h4>\n<p>Seg\u00fan el estudio &#8216;La Econom\u00eda Social como motor del empleo para las personas con discapacidad&#8217;, presentado hoy en Murcia y elaborado por CEPES y Fundaci\u00f3n ONCE<br \/>\nEl 6,2% de los trabajadores de las empresas y entidades de la Econom\u00eda Social a nivel estatal tienen discapacidad, un porcentaje muy superior al observado en las empresas mercantiles (el 1,7%)<\/p>\n<\/div><div class=\"fusion-button-wrapper\"><style type=\"text\/css\">.fusion-button.button-3 {border-radius:0px;}<\/style><a class=\"fusion-button button-flat fusion-button-default-size button-default button-3 fusion-button-default-span fusion-button-default-type\" target=\"_blank\" rel=\"noopener noreferrer\" href=\"http:\/\/www.murcia.com\/region\/noticias\/2015\/06\/19-ersonas-con-discapacidad-en-empresas-y-entidades-de-la-economia-social.asp\"><span class=\"fusion-button-text\">VER NOTICIA<\/span><\/a><\/div><div class=\"fusion-clearfix\"><\/div><\/div><\/div><\/div><\/div>\n","protected":false},"excerpt":{"rendered":"","protected":false},"author":1,"featured_media":2133,"comment_status":"closed","ping_status":"closed","sticky":false,"template":"","format":"standard","meta":{"footnotes":""},"categories":[46],"tags":[],"yoast_head":"<!-- This site is optimized with the Yoast SEO plugin v24.5 - https:\/\/yoast.com\/wordpress\/plugins\/seo\/ -->\n<title>Abay Analistas presenta &quot;Las empresas de la Econom\u00eda Social como palanca de creaci\u00f3n de empleo para las personas con discapacidad&quot;<\/title>\n<meta name=\"description\" content=\"Abay Analistas presenta en Murcia el estudio &quot;Las empresas de la Econom\u00eda Social como palanca de creaci\u00f3n de empleo para las personas con discapacidad&quot;.\" \/>\n<meta name=\"robots\" content=\"index, follow, max-snippet:-1, max-image-preview:large, max-video-preview:-1\" \/>\n<link rel=\"canonical\" href=\"http:\/\/abayanalistas.net\/es\/presentacion-en-murcia-junto-con-cepes-y-fundacion-once\/\" \/>\n<meta property=\"og:locale\" content=\"es_ES\" \/>\n<meta property=\"og:type\" content=\"article\" \/>\n<meta property=\"og:title\" content=\"Abay Analistas presenta &quot;Las empresas de la Econom\u00eda Social como palanca de creaci\u00f3n de empleo para las personas con discapacidad&quot;\" \/>\n<meta property=\"og:description\" content=\"Abay Analistas presenta en Murcia el estudio &quot;Las empresas de la Econom\u00eda Social como palanca de creaci\u00f3n de empleo para las personas con discapacidad&quot;.\" \/>\n<meta property=\"og:url\" content=\"http:\/\/abayanalistas.net\/es\/presentacion-en-murcia-junto-con-cepes-y-fundacion-once\/\" \/>\n<meta property=\"og:site_name\" content=\"Abay Analistas\" \/>\n<meta property=\"article:published_time\" content=\"2015-06-19T15:25:01+00:00\" \/>\n<meta property=\"article:modified_time\" content=\"2021-04-13T10:03:27+00:00\" \/>\n<meta property=\"og:image\" content=\"http:\/\/abayanalistas.net\/es\/wp-content\/uploads\/Cepes-Once.jpg\" \/>\n\t<meta property=\"og:image:width\" content=\"1024\" \/>\n\t<meta property=\"og:image:height\" content=\"743\" \/>\n\t<meta property=\"og:image:type\" content=\"image\/jpeg\" \/>\n<meta name=\"author\" content=\"Abay\" \/>\n<meta name=\"twitter:card\" content=\"summary_large_image\" \/>\n<meta name=\"twitter:creator\" content=\"@abayanalistas\" \/>\n<meta name=\"twitter:site\" content=\"@abayanalistas\" \/>\n<meta name=\"twitter:label1\" content=\"Escrito por\" \/>\n\t<meta name=\"twitter:data1\" content=\"Abay\" \/>\n\t<meta name=\"twitter:label2\" content=\"Tiempo de lectura\" \/>\n\t<meta name=\"twitter:data2\" content=\"4 minutos\" \/>\n<script type=\"application\/ld+json\" class=\"yoast-schema-graph\">{\"@context\":\"https:\/\/schema.org\",\"@graph\":[{\"@type\":\"Article\",\"@id\":\"http:\/\/abayanalistas.net\/es\/presentacion-en-murcia-junto-con-cepes-y-fundacion-once\/#article\",\"isPartOf\":{\"@id\":\"http:\/\/abayanalistas.net\/es\/presentacion-en-murcia-junto-con-cepes-y-fundacion-once\/\"},\"author\":{\"name\":\"Abay\",\"@id\":\"https:\/\/abayanalistas.net\/es\/#\/schema\/person\/e606ae20a7be8e0a0b8a7c999a938b84\"},\"headline\":\"Presentaci\u00f3n en Murcia, junto con CEPES y Fundaci\u00f3n ONCE\",\"datePublished\":\"2015-06-19T15:25:01+00:00\",\"dateModified\":\"2021-04-13T10:03:27+00:00\",\"mainEntityOfPage\":{\"@id\":\"http:\/\/abayanalistas.net\/es\/presentacion-en-murcia-junto-con-cepes-y-fundacion-once\/\"},\"wordCount\":796,\"publisher\":{\"@id\":\"https:\/\/abayanalistas.net\/es\/#organization\"},\"image\":{\"@id\":\"http:\/\/abayanalistas.net\/es\/presentacion-en-murcia-junto-con-cepes-y-fundacion-once\/#primaryimage\"},\"thumbnailUrl\":\"http:\/\/abayanalistas.net\/es\/wp-content\/uploads\/Cepes-Once.jpg\",\"articleSection\":[\"Presentaciones de informes\"],\"inLanguage\":\"es\"},{\"@type\":\"WebPage\",\"@id\":\"http:\/\/abayanalistas.net\/es\/presentacion-en-murcia-junto-con-cepes-y-fundacion-once\/\",\"url\":\"http:\/\/abayanalistas.net\/es\/presentacion-en-murcia-junto-con-cepes-y-fundacion-once\/\",\"name\":\"Abay Analistas presenta \\\"Las empresas de la Econom\u00eda Social como palanca de creaci\u00f3n de empleo para las personas con discapacidad\\\"\",\"isPartOf\":{\"@id\":\"https:\/\/abayanalistas.net\/es\/#website\"},\"primaryImageOfPage\":{\"@id\":\"http:\/\/abayanalistas.net\/es\/presentacion-en-murcia-junto-con-cepes-y-fundacion-once\/#primaryimage\"},\"image\":{\"@id\":\"http:\/\/abayanalistas.net\/es\/presentacion-en-murcia-junto-con-cepes-y-fundacion-once\/#primaryimage\"},\"thumbnailUrl\":\"http:\/\/abayanalistas.net\/es\/wp-content\/uploads\/Cepes-Once.jpg\",\"datePublished\":\"2015-06-19T15:25:01+00:00\",\"dateModified\":\"2021-04-13T10:03:27+00:00\",\"description\":\"Abay Analistas presenta en Murcia el estudio \\\"Las empresas de la Econom\u00eda Social como palanca de creaci\u00f3n de empleo para las personas con discapacidad\\\".\",\"breadcrumb\":{\"@id\":\"http:\/\/abayanalistas.net\/es\/presentacion-en-murcia-junto-con-cepes-y-fundacion-once\/#breadcrumb\"},\"inLanguage\":\"es\",\"potentialAction\":[{\"@type\":\"ReadAction\",\"target\":[\"http:\/\/abayanalistas.net\/es\/presentacion-en-murcia-junto-con-cepes-y-fundacion-once\/\"]}]},{\"@type\":\"ImageObject\",\"inLanguage\":\"es\",\"@id\":\"http:\/\/abayanalistas.net\/es\/presentacion-en-murcia-junto-con-cepes-y-fundacion-once\/#primaryimage\",\"url\":\"http:\/\/abayanalistas.net\/es\/wp-content\/uploads\/Cepes-Once.jpg\",\"contentUrl\":\"http:\/\/abayanalistas.net\/es\/wp-content\/uploads\/Cepes-Once.jpg\",\"width\":1024,\"height\":743,\"caption\":\"Cepes Once\"},{\"@type\":\"BreadcrumbList\",\"@id\":\"http:\/\/abayanalistas.net\/es\/presentacion-en-murcia-junto-con-cepes-y-fundacion-once\/#breadcrumb\",\"itemListElement\":[{\"@type\":\"ListItem\",\"position\":1,\"name\":\"Portada\",\"item\":\"https:\/\/abayanalistas.net\/es\/\"},{\"@type\":\"ListItem\",\"position\":2,\"name\":\"Presentaci\u00f3n en Murcia, junto con CEPES y Fundaci\u00f3n ONCE\"}]},{\"@type\":\"WebSite\",\"@id\":\"https:\/\/abayanalistas.net\/es\/#website\",\"url\":\"https:\/\/abayanalistas.net\/es\/\",\"name\":\"Abay Analistas\",\"description\":\"Analistas econ\u00f3micos y sociales\",\"publisher\":{\"@id\":\"https:\/\/abayanalistas.net\/es\/#organization\"},\"potentialAction\":[{\"@type\":\"SearchAction\",\"target\":{\"@type\":\"EntryPoint\",\"urlTemplate\":\"https:\/\/abayanalistas.net\/es\/?s={search_term_string}\"},\"query-input\":{\"@type\":\"PropertyValueSpecification\",\"valueRequired\":true,\"valueName\":\"search_term_string\"}}],\"inLanguage\":\"es\"},{\"@type\":\"Organization\",\"@id\":\"https:\/\/abayanalistas.net\/es\/#organization\",\"name\":\"Abay Analistas\",\"url\":\"https:\/\/abayanalistas.net\/es\/\",\"logo\":{\"@type\":\"ImageObject\",\"inLanguage\":\"es\",\"@id\":\"https:\/\/abayanalistas.net\/es\/#\/schema\/logo\/image\/\",\"url\":\"https:\/\/i0.wp.com\/abayanalistas.net\/es\/wp-content\/uploads\/Logo_Abay_Retina.png?fit=280%2C96&ssl=1\",\"contentUrl\":\"https:\/\/i0.wp.com\/abayanalistas.net\/es\/wp-content\/uploads\/Logo_Abay_Retina.png?fit=280%2C96&ssl=1\",\"width\":280,\"height\":96,\"caption\":\"Abay Analistas\"},\"image\":{\"@id\":\"https:\/\/abayanalistas.net\/es\/#\/schema\/logo\/image\/\"},\"sameAs\":[\"https:\/\/x.com\/abayanalistas\",\"https:\/\/www.linkedin.com\/company\/abay-analistas?trk=biz-companies-cym\"]},{\"@type\":\"Person\",\"@id\":\"https:\/\/abayanalistas.net\/es\/#\/schema\/person\/e606ae20a7be8e0a0b8a7c999a938b84\",\"name\":\"Abay\"}]}<\/script>\n<!-- \/ Yoast SEO plugin. -->","yoast_head_json":{"title":"Abay Analistas presenta \"Las empresas de la Econom\u00eda Social como palanca de creaci\u00f3n de empleo para las personas con discapacidad\"","description":"Abay Analistas presenta en Murcia el estudio \"Las empresas de la Econom\u00eda Social como palanca de creaci\u00f3n de empleo para las personas con discapacidad\".","robots":{"index":"index","follow":"follow","max-snippet":"max-snippet:-1","max-image-preview":"max-image-preview:large","max-video-preview":"max-video-preview:-1"},"canonical":"http:\/\/abayanalistas.net\/es\/presentacion-en-murcia-junto-con-cepes-y-fundacion-once\/","og_locale":"es_ES","og_type":"article","og_title":"Abay Analistas presenta \"Las empresas de la Econom\u00eda Social como palanca de creaci\u00f3n de empleo para las personas con discapacidad\"","og_description":"Abay Analistas presenta en Murcia el estudio \"Las empresas de la Econom\u00eda Social como palanca de creaci\u00f3n de empleo para las personas con discapacidad\".","og_url":"http:\/\/abayanalistas.net\/es\/presentacion-en-murcia-junto-con-cepes-y-fundacion-once\/","og_site_name":"Abay Analistas","article_published_time":"2015-06-19T15:25:01+00:00","article_modified_time":"2021-04-13T10:03:27+00:00","og_image":[{"width":1024,"height":743,"url":"http:\/\/abayanalistas.net\/es\/wp-content\/uploads\/Cepes-Once.jpg","type":"image\/jpeg"}],"author":"Abay","twitter_card":"summary_large_image","twitter_creator":"@abayanalistas","twitter_site":"@abayanalistas","twitter_misc":{"Escrito por":"Abay","Tiempo de lectura":"4 minutos"},"schema":{"@context":"https:\/\/schema.org","@graph":[{"@type":"Article","@id":"http:\/\/abayanalistas.net\/es\/presentacion-en-murcia-junto-con-cepes-y-fundacion-once\/#article","isPartOf":{"@id":"http:\/\/abayanalistas.net\/es\/presentacion-en-murcia-junto-con-cepes-y-fundacion-once\/"},"author":{"name":"Abay","@id":"https:\/\/abayanalistas.net\/es\/#\/schema\/person\/e606ae20a7be8e0a0b8a7c999a938b84"},"headline":"Presentaci\u00f3n en Murcia, junto con CEPES y Fundaci\u00f3n ONCE","datePublished":"2015-06-19T15:25:01+00:00","dateModified":"2021-04-13T10:03:27+00:00","mainEntityOfPage":{"@id":"http:\/\/abayanalistas.net\/es\/presentacion-en-murcia-junto-con-cepes-y-fundacion-once\/"},"wordCount":796,"publisher":{"@id":"https:\/\/abayanalistas.net\/es\/#organization"},"image":{"@id":"http:\/\/abayanalistas.net\/es\/presentacion-en-murcia-junto-con-cepes-y-fundacion-once\/#primaryimage"},"thumbnailUrl":"http:\/\/abayanalistas.net\/es\/wp-content\/uploads\/Cepes-Once.jpg","articleSection":["Presentaciones de informes"],"inLanguage":"es"},{"@type":"WebPage","@id":"http:\/\/abayanalistas.net\/es\/presentacion-en-murcia-junto-con-cepes-y-fundacion-once\/","url":"http:\/\/abayanalistas.net\/es\/presentacion-en-murcia-junto-con-cepes-y-fundacion-once\/","name":"Abay Analistas presenta \"Las empresas de la Econom\u00eda Social como palanca de creaci\u00f3n de empleo para las personas con discapacidad\"","isPartOf":{"@id":"https:\/\/abayanalistas.net\/es\/#website"},"primaryImageOfPage":{"@id":"http:\/\/abayanalistas.net\/es\/presentacion-en-murcia-junto-con-cepes-y-fundacion-once\/#primaryimage"},"image":{"@id":"http:\/\/abayanalistas.net\/es\/presentacion-en-murcia-junto-con-cepes-y-fundacion-once\/#primaryimage"},"thumbnailUrl":"http:\/\/abayanalistas.net\/es\/wp-content\/uploads\/Cepes-Once.jpg","datePublished":"2015-06-19T15:25:01+00:00","dateModified":"2021-04-13T10:03:27+00:00","description":"Abay Analistas presenta en Murcia el estudio \"Las empresas de la Econom\u00eda Social como palanca de creaci\u00f3n de empleo para las personas con discapacidad\".","breadcrumb":{"@id":"http:\/\/abayanalistas.net\/es\/presentacion-en-murcia-junto-con-cepes-y-fundacion-once\/#breadcrumb"},"inLanguage":"es","potentialAction":[{"@type":"ReadAction","target":["http:\/\/abayanalistas.net\/es\/presentacion-en-murcia-junto-con-cepes-y-fundacion-once\/"]}]},{"@type":"ImageObject","inLanguage":"es","@id":"http:\/\/abayanalistas.net\/es\/presentacion-en-murcia-junto-con-cepes-y-fundacion-once\/#primaryimage","url":"http:\/\/abayanalistas.net\/es\/wp-content\/uploads\/Cepes-Once.jpg","contentUrl":"http:\/\/abayanalistas.net\/es\/wp-content\/uploads\/Cepes-Once.jpg","width":1024,"height":743,"caption":"Cepes Once"},{"@type":"BreadcrumbList","@id":"http:\/\/abayanalistas.net\/es\/presentacion-en-murcia-junto-con-cepes-y-fundacion-once\/#breadcrumb","itemListElement":[{"@type":"ListItem","position":1,"name":"Portada","item":"https:\/\/abayanalistas.net\/es\/"},{"@type":"ListItem","position":2,"name":"Presentaci\u00f3n en Murcia, junto con CEPES y Fundaci\u00f3n ONCE"}]},{"@type":"WebSite","@id":"https:\/\/abayanalistas.net\/es\/#website","url":"https:\/\/abayanalistas.net\/es\/","name":"Abay Analistas","description":"Analistas econ\u00f3micos y sociales","publisher":{"@id":"https:\/\/abayanalistas.net\/es\/#organization"},"potentialAction":[{"@type":"SearchAction","target":{"@type":"EntryPoint","urlTemplate":"https:\/\/abayanalistas.net\/es\/?s={search_term_string}"},"query-input":{"@type":"PropertyValueSpecification","valueRequired":true,"valueName":"search_term_string"}}],"inLanguage":"es"},{"@type":"Organization","@id":"https:\/\/abayanalistas.net\/es\/#organization","name":"Abay Analistas","url":"https:\/\/abayanalistas.net\/es\/","logo":{"@type":"ImageObject","inLanguage":"es","@id":"https:\/\/abayanalistas.net\/es\/#\/schema\/logo\/image\/","url":"https:\/\/i0.wp.com\/abayanalistas.net\/es\/wp-content\/uploads\/Logo_Abay_Retina.png?fit=280%2C96&ssl=1","contentUrl":"https:\/\/i0.wp.com\/abayanalistas.net\/es\/wp-content\/uploads\/Logo_Abay_Retina.png?fit=280%2C96&ssl=1","width":280,"height":96,"caption":"Abay Analistas"},"image":{"@id":"https:\/\/abayanalistas.net\/es\/#\/schema\/logo\/image\/"},"sameAs":["https:\/\/x.com\/abayanalistas","https:\/\/www.linkedin.com\/company\/abay-analistas?trk=biz-companies-cym"]},{"@type":"Person","@id":"https:\/\/abayanalistas.net\/es\/#\/schema\/person\/e606ae20a7be8e0a0b8a7c999a938b84","name":"Abay"}]}},"_links":{"self":[{"href":"http:\/\/abayanalistas.net\/es\/wp-json\/wp\/v2\/posts\/2131"}],"collection":[{"href":"http:\/\/abayanalistas.net\/es\/wp-json\/wp\/v2\/posts"}],"about":[{"href":"http:\/\/abayanalistas.net\/es\/wp-json\/wp\/v2\/types\/post"}],"author":[{"embeddable":true,"href":"http:\/\/abayanalistas.net\/es\/wp-json\/wp\/v2\/users\/1"}],"replies":[{"embeddable":true,"href":"http:\/\/abayanalistas.net\/es\/wp-json\/wp\/v2\/comments?post=2131"}],"version-history":[{"count":7,"href":"http:\/\/abayanalistas.net\/es\/wp-json\/wp\/v2\/posts\/2131\/revisions"}],"predecessor-version":[{"id":2732,"href":"http:\/\/abayanalistas.net\/es\/wp-json\/wp\/v2\/posts\/2131\/revisions\/2732"}],"wp:featuredmedia":[{"embeddable":true,"href":"http:\/\/abayanalistas.net\/es\/wp-json\/wp\/v2\/media\/2133"}],"wp:attachment":[{"href":"http:\/\/abayanalistas.net\/es\/wp-json\/wp\/v2\/media?parent=2131"}],"wp:term":[{"taxonomy":"category","embeddable":true,"href":"http:\/\/abayanalistas.net\/es\/wp-json\/wp\/v2\/categories?post=2131"},{"taxonomy":"post_tag","embeddable":true,"href":"http:\/\/abayanalistas.net\/es\/wp-json\/wp\/v2\/tags?post=2131"}],"curies":[{"name":"wp","href":"https:\/\/api.w.org\/{rel}","templated":true}]}}